{"id":13161,"date":"2020-01-11T18:44:00","date_gmt":"2020-01-11T18:44:00","guid":{"rendered":"http:\/\/entwicklung.nf.diwete.de\/?p=13161"},"modified":"2020-05-07T11:12:58","modified_gmt":"2020-05-07T11:12:58","slug":"nachtwanderung-vor-der-haustuer-ueber-die-altenburg-zum-falkenstein","status":"publish","type":"post","link":"https:\/\/naturfreunde-bad-emstal.de\/?p=13161","title":{"rendered":"Nachtwanderung vor der Haust\u00fcr \u00fcber die Altenburg zum Falkenstein"},"content":{"rendered":"\n<p>Am 10. auf den 11 Januar 2020 haben wir eine lange Vollmondnacht! Es ist die zweitl\u00e4ngste des Jahres und die l\u00e4ngste seit \u00fcber 9 Jahren. Sie dauert 16 Stunden 37 Minuten, wobei der Mond 21 Minuten vor Sonnenuntergang auf und am n\u00e4chsten Tag 38 Minuten nach Sonnenaufgang untergeht. Der Vollmond begleitet uns durch die ganze Nacht. Er steht besonders hoch \u00fcber dem Horizont und l\u00e4dt zu n\u00e4chtlichen Vollmondwanderungen ein. So jedenfalls die Ank\u00fcndigung im Internet.<\/p>\n\n\n\n<p>Die NaturFreunde hatten Lust, das bei einer Nachtwanderung zu erleben. Doch das Wetter schien nicht mitzuspielen, denn schon Tage vorher regnete es viel und die geschlossene Wolkendecke lie\u00df uns das Mondlicht in den N\u00e4chten nur erahnen. Aber wir NaturFreunde sind positiv eingestellt und so trafen sich trotz schlechter Voraussetzungen 10 Leute an dem og. Termin um 21:00 Uhr am Naturfreudehaus. Erste Hoffnung keimte auf, als der Mond durch ein Wolkenloch sichtbar wurde. Wir beschlossen loszuwandern. Im Wald, ohne die st\u00f6renden Lichteinfl\u00fcsse, gew\u00f6hnten sich unsere Augen schnell an die Dunkelheit. Und dann kam immer h\u00e4ufiger der Mond zum Vorschein, so da\u00df wir sogar unseren Weg erkennen konnten. Selbst die umgest\u00fcrzten B\u00e4ume, die an einer verzwickten Stelle auf dem Wanderweg lagen, konnten so gefahrlos umgangen werden. Es wurde eine Wanderung&nbsp;durch einen sch\u00f6nen, dunklen und geheimnisvollen Wald zur Burgruine Falkenstein, wo wir eine s\u00fc\u00dfe Rast einlegten. Beschwingt gings dann wieder den Berg runter ins Tal der Ems. Inzwischen beleuchtete der Mond durchg\u00e4ngig unseren Weg und wir staunten, wie hell und romantisch die Landschaft vor uns lag.<\/p>\n\n\n\n<p>Wir wanderten gut 3 Stunden durch diese helle Nacht und freuten uns \u00fcber dieses einmalig sch\u00f6ne Erlebnis.<\/p>\n\n\n\n<p>Diese Tour wurde aufgezeichnet und kann im Internet unter<br><a href=\"https:\/\/www.komoot.de\/tour\/109219092\" target=\"_blank\" rel=\"noreferrer noopener\">https:\/\/www.komoot.de\/tour\/109219092<\/a><br>aufgerufen werden.<\/p>\n\n\n\n<figure class=\"wp-block-image\"><img decoding=\"async\" src=\"https:\/\/naturfreunde-bad-emstal.de\/images\/stories\/mondlicht_.jpg\" alt=\"Mondlicht\"\/><\/figure>\n\n\n\n<p><br>\u00dcbrigens, der n\u00e4chste Vollmond ist am 9. Februar 2020.<\/p>\n","protected":false},"excerpt":{"rendered":"<p>Am 10. auf den 11 Januar 2020 haben wir eine lange Vollmondnacht! Es ist die zweitl\u00e4ngste des Jahres und die l\u00e4ngste seit \u00fcber 9 Jahren. Sie dauert 16 Stunden 37 Minuten, wobei der Mond 21 Minuten vor Sonnenuntergang auf und am n\u00e4chsten Tag 38 Minuten nach Sonnenaufgang untergeht. Der Vollmond begleitet uns durch die ganze&#8230; <\/p>\n<div class=\"clear\"><\/div>\n<p><a href=\"https:\/\/naturfreunde-bad-emstal.de\/?p=13161\" class=\"excerpt-read-more\">Read More<\/a><\/p>\n","protected":false},"author":3,"featured_media":6695,"comment_status":"open","ping_status":"open","sticky":false,"template":"","format":"standard","meta":{"ngg_post_thumbnail":0,"footnotes":""},"categories":[63,51,74],"tags":[],"class_list":["post-13161","post","type-post","status-publish","format-standard","has-post-thumbnail","hentry","category-archiv","category-news","category-wandern"],"_links":{"self":[{"href":"https:\/\/naturfreunde-bad-emstal.de\/index.php?rest_route=\/wp\/v2\/posts\/13161","targetHints":{"allow":["GET"]}}],"collection":[{"href":"https:\/\/naturfreunde-bad-emstal.de\/index.php?rest_route=\/wp\/v2\/posts"}],"about":[{"href":"https:\/\/naturfreunde-bad-emstal.de\/index.php?rest_route=\/wp\/v2\/types\/post"}],"author":[{"embeddable":true,"href":"https:\/\/naturfreunde-bad-emstal.de\/index.php?rest_route=\/wp\/v2\/users\/3"}],"replies":[{"embeddable":true,"href":"https:\/\/naturfreunde-bad-emstal.de\/index.php?rest_route=%2Fwp%2Fv2%2Fcomments&post=13161"}],"version-history":[{"count":2,"href":"https:\/\/naturfreunde-bad-emstal.de\/index.php?rest_route=\/wp\/v2\/posts\/13161\/revisions"}],"predecessor-version":[{"id":13163,"href":"https:\/\/naturfreunde-bad-emstal.de\/index.php?rest_route=\/wp\/v2\/posts\/13161\/revisions\/13163"}],"wp:featuredmedia":[{"embeddable":true,"href":"https:\/\/naturfreunde-bad-emstal.de\/index.php?rest_route=\/wp\/v2\/media\/6695"}],"wp:attachment":[{"href":"https:\/\/naturfreunde-bad-emstal.de\/index.php?rest_route=%2Fwp%2Fv2%2Fmedia&parent=13161"}],"wp:term":[{"taxonomy":"category","embeddable":true,"href":"https:\/\/naturfreunde-bad-emstal.de\/index.php?rest_route=%2Fwp%2Fv2%2Fcategories&post=13161"},{"taxonomy":"post_tag","embeddable":true,"href":"https:\/\/naturfreunde-bad-emstal.de\/index.php?rest_route=%2Fwp%2Fv2%2Ftags&post=13161"}],"curies":[{"name":"wp","href":"https:\/\/api.w.org\/{rel}","templated":true}]}}