{"id":13164,"date":"2020-01-21T18:45:52","date_gmt":"2020-01-21T18:45:52","guid":{"rendered":"http:\/\/entwicklung.nf.diwete.de\/?p=13164"},"modified":"2020-03-11T18:45:58","modified_gmt":"2020-03-11T18:45:58","slug":"aufruf-zur-mitarbeit","status":"publish","type":"post","link":"https:\/\/naturfreunde-bad-emstal.de\/?p=13164","title":{"rendered":"Aufruf zur Mitarbeit"},"content":{"rendered":"\n<p>Liebe Mitglieder,<\/p>\n\n\n\n<p>Wir sind ein toller Verein, in dem man sich verwirklichen und mit netten, gleichgesinnten Leuten sinnvoll seine Zeit verbringen kann. Inzwischen haben wir 12 mehr oder weniger aktive Fachgruppen. Unser neu renovierter Vereinsraum schafft eine behagliche Atmosph\u00e4re und wird daher von euch gut angenommen. Besonders freue ich mich \u00fcber unsere Kinder- und Jugendarbeit. Nach der Renovierung des Kinder- und Jugendraumes und der engagierten Mitarbeit der Betreuer haben wir z.Zt. zwei Kinder- und eine Jugendgruppe. Die Nachfrage ist momentan so gro\u00df, dass wir eine weitere Gruppe aufmachen k\u00f6nnten. Kinder sind unsere Zukunft! Wir Naturfreunde k\u00f6nnen sie f\u00fcr ein friedliches, soziales und umweltfreundliches Miteinander begeistern.&nbsp;<\/p>\n\n\n\n<p>Mit unserem Naturfreundehaus haben wir die M\u00f6glichkeit, Mitgliedern und G\u00e4sten eine besondere Bleibe zu bieten und nicht zuletzt durch die Mieteinnahmen unsere Vereinsarbeit finanziell zu unterst\u00fctzen. Schon unsere Vorg\u00e4nger haben das erkannt, denn mit viel Engagement und wenig Geld haben sie vor fast 60 Jahren dieses Haus gebaut. Daf\u00fcr geb\u00fchrt ihnen unser Dank. Es ist f\u00fcr uns Verpflichtung, den Verein und das Haus in ihrem Sinne zu erhalten.<\/p>\n\n\n\n<p><strong>Leider wird das von Jahr zu Jahr immer schwieriger. Die Nachfrage an unserem Haus ist ungebrochen, aber die F\u00fchrung unseres Hauses wird immer schwieriger. Unsere Hauskommission zusammen mit dem Hausdienst ist momentan zu schwach besetzt. Die Last ruht auf immer weniger \u201eSchultern\u201c.&nbsp;<\/strong><\/p>\n\n\n\n<p><strong>Daher meine Bitte: arbeitet mit in der Hauskommission! Sei es bei der Betreuung der G\u00e4ste durch den Hausdienst, der Organisation der Hausbelegung und bei den vielen organisatorischen Aufgaben im Zusammenhang mit unserem Naturfreundehaus.<\/strong><\/p>\n\n\n\n<p>Damit das Naturfreundehaus und damit unser Verein auch in Zukunft weiter Bestand hat, brauchen wir eure Hilfe und Mitarbeit. Bitte bringt euch in unserem Verein ein und helft, den NaturFreunde-Gedanken weiter zu pflegen!<\/p>\n\n\n\n<p>Die Entwicklung unseres Vereins ist z.Zt. sehr vielversprechend, aber wir werden uns nur weiterentwickeln k\u00f6nnen, wenn wir auch in Zukunft am \u201eBall\u201c bleiben!<\/p>\n\n\n\n<p>In diesem Sinn<\/p>\n\n\n\n<p>Berg frei&nbsp;<\/p>\n\n\n\n<p>Euer Gerhard<\/p>\n\n\n\n<p>(1.Vorsitzender)<\/p>\n","protected":false},"excerpt":{"rendered":"<p>Liebe Mitglieder, Wir sind ein toller Verein, in dem man sich verwirklichen und mit netten, gleichgesinnten Leuten sinnvoll seine Zeit verbringen kann. Inzwischen haben wir 12 mehr oder weniger aktive Fachgruppen. Unser neu renovierter Vereinsraum schafft eine behagliche Atmosph\u00e4re und wird daher von euch gut angenommen. Besonders freue ich mich \u00fcber unsere Kinder- und Jugendarbeit&#8230;. <\/p>\n<div class=\"clear\"><\/div>\n<p><a href=\"https:\/\/naturfreunde-bad-emstal.de\/?p=13164\" class=\"excerpt-read-more\">Read More<\/a><\/p>\n","protected":false},"author":3,"featured_media":6695,"comment_status":"open","ping_status":"open","sticky":false,"template":"","format":"standard","meta":{"ngg_post_thumbnail":0,"footnotes":""},"categories":[51],"tags":[],"class_list":["post-13164","post","type-post","status-publish","format-standard","has-post-thumbnail","hentry","category-news"],"_links":{"self":[{"href":"https:\/\/naturfreunde-bad-emstal.de\/index.php?rest_route=\/wp\/v2\/posts\/13164","targetHints":{"allow":["GET"]}}],"collection":[{"href":"https:\/\/naturfreunde-bad-emstal.de\/index.php?rest_route=\/wp\/v2\/posts"}],"about":[{"href":"https:\/\/naturfreunde-bad-emstal.de\/index.php?rest_route=\/wp\/v2\/types\/post"}],"author":[{"embeddable":true,"href":"https:\/\/naturfreunde-bad-emstal.de\/index.php?rest_route=\/wp\/v2\/users\/3"}],"replies":[{"embeddable":true,"href":"https:\/\/naturfreunde-bad-emstal.de\/index.php?rest_route=%2Fwp%2Fv2%2Fcomments&post=13164"}],"version-history":[{"count":2,"href":"https:\/\/naturfreunde-bad-emstal.de\/index.php?rest_route=\/wp\/v2\/posts\/13164\/revisions"}],"predecessor-version":[{"id":13166,"href":"https:\/\/naturfreunde-bad-emstal.de\/index.php?rest_route=\/wp\/v2\/posts\/13164\/revisions\/13166"}],"wp:featuredmedia":[{"embeddable":true,"href":"https:\/\/naturfreunde-bad-emstal.de\/index.php?rest_route=\/wp\/v2\/media\/6695"}],"wp:attachment":[{"href":"https:\/\/naturfreunde-bad-emstal.de\/index.php?rest_route=%2Fwp%2Fv2%2Fmedia&parent=13164"}],"wp:term":[{"taxonomy":"category","embeddable":true,"href":"https:\/\/naturfreunde-bad-emstal.de\/index.php?rest_route=%2Fwp%2Fv2%2Fcategories&post=13164"},{"taxonomy":"post_tag","embeddable":true,"href":"https:\/\/naturfreunde-bad-emstal.de\/index.php?rest_route=%2Fwp%2Fv2%2Ftags&post=13164"}],"curies":[{"name":"wp","href":"https:\/\/api.w.org\/{rel}","templated":true}]}}