{"id":14334,"date":"2017-12-15T11:13:00","date_gmt":"2017-12-15T11:13:00","guid":{"rendered":"http:\/\/entwicklung.nf.diwete.de\/?p=14334"},"modified":"2020-03-02T13:41:58","modified_gmt":"2020-03-02T13:41:58","slug":"2017-wie-mobil-sind-die-emstaler","status":"publish","type":"post","link":"https:\/\/naturfreunde-bad-emstal.de\/?p=14334","title":{"rendered":"2017 &#8211; Wie mobil sind die Emstaler"},"content":{"rendered":"\n<p>Initiiert von den NaturFreunden fand im Naturfreundehaus ein B\u00fcrgerforum zum Thema Nahverkehr statt. Eingeladen waren zuerst mal die B\u00fcrger, dann die Gemeinder\u00e4te und Vertreter der einzelnen Parteien \u2013 au\u00dfer der AFD. Los ging es mit Tom Gurtmanns Pr\u00e4sentation zur aktuellen Situation des Nahverkehrs in Bezug auf Emissionswerte und tats\u00e4chliche Auslastung der Nahverkehrsbusse. In der darauffolgenden Diskussion wurden die Gr\u00fcnde der mangelnden Auslastung deutlich, es wurde \u00fcber mangelnde Organisation gesprochen. Die zweite Leitfrage richtete sich an die Vertreter der Parteien: Was brauchen wir und was w\u00fcnschen wir uns f\u00fcr die Zukunft. W\u00e4hrend der parteipolitischen Antworten fiel mir ein Satz vom gro\u00dfen Helmut Schmidt ein: \u201e Wer Visionen hat, sollte zum Arzt gehen\u201c. Der Arztbesuch war also nicht n\u00f6tig, trotzdem m\u00fchte man sich nach Kr\u00e4ften. Auch nach diesem Punkt herrschte wieder eine rege Diskussion im Plenum. Das Fazit: Die B\u00fcrger werden selbst die Initiative ergreifen, werden eine B\u00fcndelung der Probleme erarbeiten und sich dann mit den Ergebnissen an ihre Gemeindevertretung wenden. Denn, es muss etwas geschehen, eine ganze Region f\u00fchlt sich abgeh\u00e4ngt. Danke, dass dieses endlich eine Plattform finden konnte! Danke , Jutta Schmidt- Machado, danke, Tom Gurtmann, ein besonderes danke an Katharina Sch\u00fcle, die wohltuend pragmatisch durch den Abend f\u00fchrte, immer auch die Uhr im Blick, keine Diskussion konnte unter ihrem wachsamen Auge ausufern. Danke den NaturFreunden Bad Emstal , die beweisen konnten, wie sehr sie den Gr\u00fcndungsidealen verbunden sind, n\u00e4mlich der Menschlichkeit.<\/p>\n","protected":false},"excerpt":{"rendered":"<p>Initiiert von den NaturFreunden fand im Naturfreundehaus ein B\u00fcrgerforum zum Thema Nahverkehr statt. Eingeladen waren zuerst mal die B\u00fcrger, dann die Gemeinder\u00e4te und Vertreter der einzelnen Parteien \u2013 au\u00dfer der AFD. Los ging es mit Tom Gurtmanns Pr\u00e4sentation zur aktuellen Situation des Nahverkehrs in Bezug auf Emissionswerte und tats\u00e4chliche Auslastung der Nahverkehrsbusse. In der darauffolgenden&#8230; <\/p>\n<div class=\"clear\"><\/div>\n<p><a href=\"https:\/\/naturfreunde-bad-emstal.de\/?p=14334\" class=\"excerpt-read-more\">Read More<\/a><\/p>\n","protected":false},"author":3,"featured_media":6695,"comment_status":"open","ping_status":"open","sticky":false,"template":"","format":"standard","meta":{"ngg_post_thumbnail":0,"footnotes":""},"categories":[63],"tags":[],"class_list":["post-14334","post","type-post","status-publish","format-standard","has-post-thumbnail","hentry","category-archiv"],"_links":{"self":[{"href":"https:\/\/naturfreunde-bad-emstal.de\/index.php?rest_route=\/wp\/v2\/posts\/14334","targetHints":{"allow":["GET"]}}],"collection":[{"href":"https:\/\/naturfreunde-bad-emstal.de\/index.php?rest_route=\/wp\/v2\/posts"}],"about":[{"href":"https:\/\/naturfreunde-bad-emstal.de\/index.php?rest_route=\/wp\/v2\/types\/post"}],"author":[{"embeddable":true,"href":"https:\/\/naturfreunde-bad-emstal.de\/index.php?rest_route=\/wp\/v2\/users\/3"}],"replies":[{"embeddable":true,"href":"https:\/\/naturfreunde-bad-emstal.de\/index.php?rest_route=%2Fwp%2Fv2%2Fcomments&post=14334"}],"version-history":[{"count":2,"href":"https:\/\/naturfreunde-bad-emstal.de\/index.php?rest_route=\/wp\/v2\/posts\/14334\/revisions"}],"predecessor-version":[{"id":14336,"href":"https:\/\/naturfreunde-bad-emstal.de\/index.php?rest_route=\/wp\/v2\/posts\/14334\/revisions\/14336"}],"wp:featuredmedia":[{"embeddable":true,"href":"https:\/\/naturfreunde-bad-emstal.de\/index.php?rest_route=\/wp\/v2\/media\/6695"}],"wp:attachment":[{"href":"https:\/\/naturfreunde-bad-emstal.de\/index.php?rest_route=%2Fwp%2Fv2%2Fmedia&parent=14334"}],"wp:term":[{"taxonomy":"category","embeddable":true,"href":"https:\/\/naturfreunde-bad-emstal.de\/index.php?rest_route=%2Fwp%2Fv2%2Fcategories&post=14334"},{"taxonomy":"post_tag","embeddable":true,"href":"https:\/\/naturfreunde-bad-emstal.de\/index.php?rest_route=%2Fwp%2Fv2%2Ftags&post=14334"}],"curies":[{"name":"wp","href":"https:\/\/api.w.org\/{rel}","templated":true}]}}