{"id":14442,"date":"2004-03-26T17:21:00","date_gmt":"2004-03-26T17:21:00","guid":{"rendered":"http:\/\/entwicklung.nf.diwete.de\/?p=14442"},"modified":"2020-03-02T16:36:59","modified_gmt":"2020-03-02T16:36:59","slug":"2004-falkensteinfest-zu-himmelfahrt","status":"publish","type":"post","link":"https:\/\/naturfreunde-bad-emstal.de\/?p=14442","title":{"rendered":"2004 &#8211; Falkensteinfest zu Himmelfahrt"},"content":{"rendered":"\n<p>Wieder einmal war es ein sch\u00f6nes Fest auf der Burgruine &#8222;Falkenstein&#8220;<br>Bei herrlichem &#8222;Himmelfahrtswetter&#8220; organisierten die NaturFreunde Bad Emstal das allj\u00e4hrliche Falkensteinfest. Die vielen G\u00e4ste aus Bad Emstal und den umliegenden Gemeinden wurden bei ihrem &#8222;Vatertagsausflug&#8220; auf die Burgruine Falkenstein von den NaturFreunden mit Bratw\u00fcrstchen und kalten Getr\u00e4nken empfangen. Am Nachmittag gab es auch Kaffee und Kuchen und die NaturFreunde begr\u00fcssten eine Besuchergruppe aus der Bad Emstaler Partnerstadt Les Ponts de Ce\u00b4\/Frankreich, die auch den Weg zum Falkenstein gefunden hatte. Der &#8222;M\u00e4rchenkoch&#8220; begeisterte grosse und vor allem die kleinen Zuschauer mit einigen M\u00e4rchen der Br\u00fcder Grimm. Ein sch\u00f6nes Fest ging am sp\u00e4ten Nachmittag mit zufriedenen G\u00e4sten und Organisatoren zu Ende.<\/p>\n","protected":false},"excerpt":{"rendered":"<p>Wieder einmal war es ein sch\u00f6nes Fest auf der Burgruine &#8222;Falkenstein&#8220;Bei herrlichem &#8222;Himmelfahrtswetter&#8220; organisierten die NaturFreunde Bad Emstal das allj\u00e4hrliche Falkensteinfest. Die vielen G\u00e4ste aus Bad Emstal und den umliegenden Gemeinden wurden bei ihrem &#8222;Vatertagsausflug&#8220; auf die Burgruine Falkenstein von den NaturFreunden mit Bratw\u00fcrstchen und kalten Getr\u00e4nken empfangen. Am Nachmittag gab es auch Kaffee und&#8230; <\/p>\n<div class=\"clear\"><\/div>\n<p><a href=\"https:\/\/naturfreunde-bad-emstal.de\/?p=14442\" class=\"excerpt-read-more\">Read More<\/a><\/p>\n","protected":false},"author":3,"featured_media":6695,"comment_status":"open","ping_status":"open","sticky":false,"template":"","format":"standard","meta":{"ngg_post_thumbnail":0,"footnotes":""},"categories":[63],"tags":[],"class_list":["post-14442","post","type-post","status-publish","format-standard","has-post-thumbnail","hentry","category-archiv"],"_links":{"self":[{"href":"https:\/\/naturfreunde-bad-emstal.de\/index.php?rest_route=\/wp\/v2\/posts\/14442","targetHints":{"allow":["GET"]}}],"collection":[{"href":"https:\/\/naturfreunde-bad-emstal.de\/index.php?rest_route=\/wp\/v2\/posts"}],"about":[{"href":"https:\/\/naturfreunde-bad-emstal.de\/index.php?rest_route=\/wp\/v2\/types\/post"}],"author":[{"embeddable":true,"href":"https:\/\/naturfreunde-bad-emstal.de\/index.php?rest_route=\/wp\/v2\/users\/3"}],"replies":[{"embeddable":true,"href":"https:\/\/naturfreunde-bad-emstal.de\/index.php?rest_route=%2Fwp%2Fv2%2Fcomments&post=14442"}],"version-history":[{"count":4,"href":"https:\/\/naturfreunde-bad-emstal.de\/index.php?rest_route=\/wp\/v2\/posts\/14442\/revisions"}],"predecessor-version":[{"id":14577,"href":"https:\/\/naturfreunde-bad-emstal.de\/index.php?rest_route=\/wp\/v2\/posts\/14442\/revisions\/14577"}],"wp:featuredmedia":[{"embeddable":true,"href":"https:\/\/naturfreunde-bad-emstal.de\/index.php?rest_route=\/wp\/v2\/media\/6695"}],"wp:attachment":[{"href":"https:\/\/naturfreunde-bad-emstal.de\/index.php?rest_route=%2Fwp%2Fv2%2Fmedia&parent=14442"}],"wp:term":[{"taxonomy":"category","embeddable":true,"href":"https:\/\/naturfreunde-bad-emstal.de\/index.php?rest_route=%2Fwp%2Fv2%2Fcategories&post=14442"},{"taxonomy":"post_tag","embeddable":true,"href":"https:\/\/naturfreunde-bad-emstal.de\/index.php?rest_route=%2Fwp%2Fv2%2Ftags&post=14442"}],"curies":[{"name":"wp","href":"https:\/\/api.w.org\/{rel}","templated":true}]}}