{"id":14454,"date":"2005-11-05T17:35:00","date_gmt":"2005-11-05T17:35:00","guid":{"rendered":"http:\/\/entwicklung.nf.diwete.de\/?p=14454"},"modified":"2020-03-02T16:39:40","modified_gmt":"2020-03-02T16:39:40","slug":"2005-jubilaeum-bei-den-naturfreunden-am-4-november","status":"publish","type":"post","link":"https:\/\/naturfreunde-bad-emstal.de\/?p=14454","title":{"rendered":"2005 &#8211; Jubil\u00e4um bei den Naturfreunden am 4. November"},"content":{"rendered":"\n<p>Auf der letzten Mitgliederversammlung wurden langj\u00e4hrige Mitglieder f\u00fcr Ihre ehrenamtliche Arbeit vom 1. Vorsitzenden Bertold Schmitt geehrt. Gunni Vierhaus 25 Jahre Mitglied, Betreuerin der Kinder und Jugendgruppe. Den regelm\u00e4\u00dfigen H\u00fcttendienst erledigen Brigitte Budwillus&nbsp; 25 Jahre Mitglied, Willi Budwillus und&nbsp; Klaus Schaub&nbsp; (nicht auf den Bildern)&nbsp; f\u00fcr je 50 Jahre Mitgliedschaft. Auch auf diesem Weg bedanken wir uns&nbsp; noch einmal f\u00fcr die geleistete Arbeit in all den Jahren.<\/p>\n","protected":false},"excerpt":{"rendered":"<p>Auf der letzten Mitgliederversammlung wurden langj\u00e4hrige Mitglieder f\u00fcr Ihre ehrenamtliche Arbeit vom 1. Vorsitzenden Bertold Schmitt geehrt. Gunni Vierhaus 25 Jahre Mitglied, Betreuerin der Kinder und Jugendgruppe. Den regelm\u00e4\u00dfigen H\u00fcttendienst erledigen Brigitte Budwillus&nbsp; 25 Jahre Mitglied, Willi Budwillus und&nbsp; Klaus Schaub&nbsp; (nicht auf den Bildern)&nbsp; f\u00fcr je 50 Jahre Mitgliedschaft. Auch auf diesem Weg bedanken&#8230; <\/p>\n<div class=\"clear\"><\/div>\n<p><a href=\"https:\/\/naturfreunde-bad-emstal.de\/?p=14454\" class=\"excerpt-read-more\">Read More<\/a><\/p>\n","protected":false},"author":3,"featured_media":6695,"comment_status":"open","ping_status":"open","sticky":false,"template":"","format":"standard","meta":{"ngg_post_thumbnail":0,"footnotes":""},"categories":[63],"tags":[],"class_list":["post-14454","post","type-post","status-publish","format-standard","has-post-thumbnail","hentry","category-archiv"],"_links":{"self":[{"href":"https:\/\/naturfreunde-bad-emstal.de\/index.php?rest_route=\/wp\/v2\/posts\/14454","targetHints":{"allow":["GET"]}}],"collection":[{"href":"https:\/\/naturfreunde-bad-emstal.de\/index.php?rest_route=\/wp\/v2\/posts"}],"about":[{"href":"https:\/\/naturfreunde-bad-emstal.de\/index.php?rest_route=\/wp\/v2\/types\/post"}],"author":[{"embeddable":true,"href":"https:\/\/naturfreunde-bad-emstal.de\/index.php?rest_route=\/wp\/v2\/users\/3"}],"replies":[{"embeddable":true,"href":"https:\/\/naturfreunde-bad-emstal.de\/index.php?rest_route=%2Fwp%2Fv2%2Fcomments&post=14454"}],"version-history":[{"count":4,"href":"https:\/\/naturfreunde-bad-emstal.de\/index.php?rest_route=\/wp\/v2\/posts\/14454\/revisions"}],"predecessor-version":[{"id":14580,"href":"https:\/\/naturfreunde-bad-emstal.de\/index.php?rest_route=\/wp\/v2\/posts\/14454\/revisions\/14580"}],"wp:featuredmedia":[{"embeddable":true,"href":"https:\/\/naturfreunde-bad-emstal.de\/index.php?rest_route=\/wp\/v2\/media\/6695"}],"wp:attachment":[{"href":"https:\/\/naturfreunde-bad-emstal.de\/index.php?rest_route=%2Fwp%2Fv2%2Fmedia&parent=14454"}],"wp:term":[{"taxonomy":"category","embeddable":true,"href":"https:\/\/naturfreunde-bad-emstal.de\/index.php?rest_route=%2Fwp%2Fv2%2Fcategories&post=14454"},{"taxonomy":"post_tag","embeddable":true,"href":"https:\/\/naturfreunde-bad-emstal.de\/index.php?rest_route=%2Fwp%2Fv2%2Ftags&post=14454"}],"curies":[{"name":"wp","href":"https:\/\/api.w.org\/{rel}","templated":true}]}}