{"id":14457,"date":"2005-12-22T17:37:00","date_gmt":"2005-12-22T17:37:00","guid":{"rendered":"http:\/\/entwicklung.nf.diwete.de\/?p=14457"},"modified":"2020-03-02T16:40:38","modified_gmt":"2020-03-02T16:40:38","slug":"2005-sonnenwendfeier-am-21-dezember","status":"publish","type":"post","link":"https:\/\/naturfreunde-bad-emstal.de\/?p=14457","title":{"rendered":"2005 &#8211; Sonnenwendfeier am 21. Dezember"},"content":{"rendered":"\n<p>Auch in diesem Jahr veranstalteten die Naturfreunde zusammen mit den freien Kanusportlern eine Sonnenwendfeier mit einem gro\u00dfen Lagerfeuer am Naturfreundehaus. Es fanden viele Besucher den Weg zum Lagerfeuer und lie\u00dfen sich die hei\u00dfen Getr\u00e4nke f\u00fcr Kinder und Erwachsene, W\u00fcrstchen, Schmalzenbrot und frische Waffeln schmecken. Wir bedanken uns noch einmal bei der Familie Raabe, die das Fest organisierte, die Einnahmen dieses Abends bekommt die Kinder und Jugendgruppe.<\/p>\n","protected":false},"excerpt":{"rendered":"<p>Auch in diesem Jahr veranstalteten die Naturfreunde zusammen mit den freien Kanusportlern eine Sonnenwendfeier mit einem gro\u00dfen Lagerfeuer am Naturfreundehaus. Es fanden viele Besucher den Weg zum Lagerfeuer und lie\u00dfen sich die hei\u00dfen Getr\u00e4nke f\u00fcr Kinder und Erwachsene, W\u00fcrstchen, Schmalzenbrot und frische Waffeln schmecken. Wir bedanken uns noch einmal bei der Familie Raabe, die das&#8230; <\/p>\n<div class=\"clear\"><\/div>\n<p><a href=\"https:\/\/naturfreunde-bad-emstal.de\/?p=14457\" class=\"excerpt-read-more\">Read More<\/a><\/p>\n","protected":false},"author":3,"featured_media":6695,"comment_status":"open","ping_status":"open","sticky":false,"template":"","format":"standard","meta":{"ngg_post_thumbnail":0,"footnotes":""},"categories":[63],"tags":[],"class_list":["post-14457","post","type-post","status-publish","format-standard","has-post-thumbnail","hentry","category-archiv"],"_links":{"self":[{"href":"https:\/\/naturfreunde-bad-emstal.de\/index.php?rest_route=\/wp\/v2\/posts\/14457","targetHints":{"allow":["GET"]}}],"collection":[{"href":"https:\/\/naturfreunde-bad-emstal.de\/index.php?rest_route=\/wp\/v2\/posts"}],"about":[{"href":"https:\/\/naturfreunde-bad-emstal.de\/index.php?rest_route=\/wp\/v2\/types\/post"}],"author":[{"embeddable":true,"href":"https:\/\/naturfreunde-bad-emstal.de\/index.php?rest_route=\/wp\/v2\/users\/3"}],"replies":[{"embeddable":true,"href":"https:\/\/naturfreunde-bad-emstal.de\/index.php?rest_route=%2Fwp%2Fv2%2Fcomments&post=14457"}],"version-history":[{"count":4,"href":"https:\/\/naturfreunde-bad-emstal.de\/index.php?rest_route=\/wp\/v2\/posts\/14457\/revisions"}],"predecessor-version":[{"id":14581,"href":"https:\/\/naturfreunde-bad-emstal.de\/index.php?rest_route=\/wp\/v2\/posts\/14457\/revisions\/14581"}],"wp:featuredmedia":[{"embeddable":true,"href":"https:\/\/naturfreunde-bad-emstal.de\/index.php?rest_route=\/wp\/v2\/media\/6695"}],"wp:attachment":[{"href":"https:\/\/naturfreunde-bad-emstal.de\/index.php?rest_route=%2Fwp%2Fv2%2Fmedia&parent=14457"}],"wp:term":[{"taxonomy":"category","embeddable":true,"href":"https:\/\/naturfreunde-bad-emstal.de\/index.php?rest_route=%2Fwp%2Fv2%2Fcategories&post=14457"},{"taxonomy":"post_tag","embeddable":true,"href":"https:\/\/naturfreunde-bad-emstal.de\/index.php?rest_route=%2Fwp%2Fv2%2Ftags&post=14457"}],"curies":[{"name":"wp","href":"https:\/\/api.w.org\/{rel}","templated":true}]}}