{"id":14693,"date":"2020-03-15T15:40:18","date_gmt":"2020-03-15T15:40:18","guid":{"rendered":"http:\/\/naturfreunde-bad-emstal.de\/?p=14693"},"modified":"2020-05-07T11:10:05","modified_gmt":"2020-05-07T11:10:05","slug":"wanderung-am-08-03-2020-nach-breitenbach-und-zurueck","status":"publish","type":"post","link":"https:\/\/naturfreunde-bad-emstal.de\/?p=14693","title":{"rendered":"Wanderung am 08.03.2020 nach Breitenbach und zur\u00fcck"},"content":{"rendered":"\n<p>Das war wieder eine sch\u00f6ne Wanderung. Sogar das Wetter hat mitgespielt und die Wege waren nicht ganz so aufgeweicht wie bei der letzten Tour durch den Habichtswald. Der Besuch der Gastst\u00e4tte zur Mitte in Breitenbach ist sehr zu empfehlen. Gutes Essen hat hier Tradition! Einziger Wehrmutstropfen bei der Wanderung sind die gro\u00dfen kahlen Fl\u00e4chen bedingt durch Windbruch und Borkenk\u00e4ferbefall. Wir hoffen, dass bald alles wieder aufgeforstet wird.<br>Das war wohl leider vorl\u00e4ufig die letzte Wanderung zusammen in einer gr\u00f6\u00dferen Gruppe, denn zu gro\u00df ist die Infektionsgefahr durch das Corona-Virus. <\/p>\n\n\n\n<p>Weitere Informationen mit Bildern zu dieser Tour findet ihr unter<\/p>\n\n\n\n<p><a href=\"https:\/\/www.komoot.de\/tour\/160682994\">https:\/\/www.komoot.de\/tour\/160682994<\/a><\/p>\n","protected":false},"excerpt":{"rendered":"<p>Das war wieder eine sch\u00f6ne Wanderung. Sogar das Wetter hat mitgespielt und die Wege waren nicht ganz so aufgeweicht wie bei der letzten Tour durch den Habichtswald. Der Besuch der Gastst\u00e4tte zur Mitte in Breitenbach ist sehr zu empfehlen. Gutes Essen hat hier Tradition! Einziger Wehrmutstropfen bei der Wanderung sind die gro\u00dfen kahlen Fl\u00e4chen bedingt&#8230; <\/p>\n<div class=\"clear\"><\/div>\n<p><a href=\"https:\/\/naturfreunde-bad-emstal.de\/?p=14693\" class=\"excerpt-read-more\">Read More<\/a><\/p>\n","protected":false},"author":4,"featured_media":6695,"comment_status":"open","ping_status":"open","sticky":false,"template":"","format":"standard","meta":{"ngg_post_thumbnail":0,"footnotes":""},"categories":[63,74],"tags":[],"class_list":["post-14693","post","type-post","status-publish","format-standard","has-post-thumbnail","hentry","category-archiv","category-wandern"],"_links":{"self":[{"href":"https:\/\/naturfreunde-bad-emstal.de\/index.php?rest_route=\/wp\/v2\/posts\/14693","targetHints":{"allow":["GET"]}}],"collection":[{"href":"https:\/\/naturfreunde-bad-emstal.de\/index.php?rest_route=\/wp\/v2\/posts"}],"about":[{"href":"https:\/\/naturfreunde-bad-emstal.de\/index.php?rest_route=\/wp\/v2\/types\/post"}],"author":[{"embeddable":true,"href":"https:\/\/naturfreunde-bad-emstal.de\/index.php?rest_route=\/wp\/v2\/users\/4"}],"replies":[{"embeddable":true,"href":"https:\/\/naturfreunde-bad-emstal.de\/index.php?rest_route=%2Fwp%2Fv2%2Fcomments&post=14693"}],"version-history":[{"count":2,"href":"https:\/\/naturfreunde-bad-emstal.de\/index.php?rest_route=\/wp\/v2\/posts\/14693\/revisions"}],"predecessor-version":[{"id":14696,"href":"https:\/\/naturfreunde-bad-emstal.de\/index.php?rest_route=\/wp\/v2\/posts\/14693\/revisions\/14696"}],"wp:featuredmedia":[{"embeddable":true,"href":"https:\/\/naturfreunde-bad-emstal.de\/index.php?rest_route=\/wp\/v2\/media\/6695"}],"wp:attachment":[{"href":"https:\/\/naturfreunde-bad-emstal.de\/index.php?rest_route=%2Fwp%2Fv2%2Fmedia&parent=14693"}],"wp:term":[{"taxonomy":"category","embeddable":true,"href":"https:\/\/naturfreunde-bad-emstal.de\/index.php?rest_route=%2Fwp%2Fv2%2Fcategories&post=14693"},{"taxonomy":"post_tag","embeddable":true,"href":"https:\/\/naturfreunde-bad-emstal.de\/index.php?rest_route=%2Fwp%2Fv2%2Ftags&post=14693"}],"curies":[{"name":"wp","href":"https:\/\/api.w.org\/{rel}","templated":true}]}}