{"id":15421,"date":"2020-08-01T17:14:38","date_gmt":"2020-08-01T17:14:38","guid":{"rendered":"http:\/\/naturfreunde-bad-emstal.de\/?p=15421"},"modified":"2020-08-01T17:24:32","modified_gmt":"2020-08-01T17:24:32","slug":"der-fussweg-zum-naturfreundehaus-wurde-wieder-begehbar-gemacht","status":"publish","type":"post","link":"https:\/\/naturfreunde-bad-emstal.de\/?p=15421","title":{"rendered":"Der Fu\u00dfweg zum Naturfreundehaus wurde wieder begehbar gemacht"},"content":{"rendered":"\n<p>Dank Tom und dem kostenlos zur Verf\u00fcgung gestellten Bagger der Fa. Kimm wurde der Fu\u00dfweg zum Naturfreundehaus instand gesetzt. <br><strong>Achtung! beim Bildermachen ist uns ein Aaronstab mit roten Beeren in der N\u00e4he der kleinen Treppe zu unserem Parkplatz aufgefallen (letztes Bild) Aaronstab ist f\u00fcr Mensch und Tier giftig. Bitte nicht ber\u00fchren!<\/strong><\/p>\n\n\n\nngg_shortcode_0_placeholder\n","protected":false},"excerpt":{"rendered":"<p>Dank Tom und dem kostenlos zur Verf\u00fcgung gestellten Bagger der Fa. Kimm wurde der Fu\u00dfweg zum Naturfreundehaus instand gesetzt. Achtung! beim Bildermachen ist uns ein Aaronstab mit roten Beeren in der N\u00e4he der kleinen Treppe zu unserem Parkplatz aufgefallen (letztes Bild) Aaronstab ist f\u00fcr Mensch und Tier giftig. Bitte nicht ber\u00fchren!<\/p>\n","protected":false},"author":4,"featured_media":15412,"comment_status":"open","ping_status":"open","sticky":false,"template":"","format":"standard","meta":{"ngg_post_thumbnail":0,"footnotes":""},"categories":[63,51],"tags":[],"class_list":["post-15421","post","type-post","status-publish","format-standard","has-post-thumbnail","hentry","category-archiv","category-news"],"_links":{"self":[{"href":"https:\/\/naturfreunde-bad-emstal.de\/index.php?rest_route=\/wp\/v2\/posts\/15421","targetHints":{"allow":["GET"]}}],"collection":[{"href":"https:\/\/naturfreunde-bad-emstal.de\/index.php?rest_route=\/wp\/v2\/posts"}],"about":[{"href":"https:\/\/naturfreunde-bad-emstal.de\/index.php?rest_route=\/wp\/v2\/types\/post"}],"author":[{"embeddable":true,"href":"https:\/\/naturfreunde-bad-emstal.de\/index.php?rest_route=\/wp\/v2\/users\/4"}],"replies":[{"embeddable":true,"href":"https:\/\/naturfreunde-bad-emstal.de\/index.php?rest_route=%2Fwp%2Fv2%2Fcomments&post=15421"}],"version-history":[{"count":3,"href":"https:\/\/naturfreunde-bad-emstal.de\/index.php?rest_route=\/wp\/v2\/posts\/15421\/revisions"}],"predecessor-version":[{"id":15424,"href":"https:\/\/naturfreunde-bad-emstal.de\/index.php?rest_route=\/wp\/v2\/posts\/15421\/revisions\/15424"}],"wp:featuredmedia":[{"embeddable":true,"href":"https:\/\/naturfreunde-bad-emstal.de\/index.php?rest_route=\/wp\/v2\/media\/15412"}],"wp:attachment":[{"href":"https:\/\/naturfreunde-bad-emstal.de\/index.php?rest_route=%2Fwp%2Fv2%2Fmedia&parent=15421"}],"wp:term":[{"taxonomy":"category","embeddable":true,"href":"https:\/\/naturfreunde-bad-emstal.de\/index.php?rest_route=%2Fwp%2Fv2%2Fcategories&post=15421"},{"taxonomy":"post_tag","embeddable":true,"href":"https:\/\/naturfreunde-bad-emstal.de\/index.php?rest_route=%2Fwp%2Fv2%2Ftags&post=15421"}],"curies":[{"name":"wp","href":"https:\/\/api.w.org\/{rel}","templated":true}]}}