{"id":15738,"date":"2021-01-18T14:16:00","date_gmt":"2021-01-18T14:16:00","guid":{"rendered":"http:\/\/naturfreunde-bad-emstal.de\/?p=15738"},"modified":"2021-01-27T16:19:34","modified_gmt":"2021-01-27T16:19:34","slug":"unsere-diesjaehrige-mitgliederversammlung","status":"publish","type":"post","link":"https:\/\/naturfreunde-bad-emstal.de\/?p=15738","title":{"rendered":"Unsere diesj\u00e4hrige Mitgliederversammlung"},"content":{"rendered":"\n<p class=\"has-text-align-right\">Bad Emstal den 12.1.2021<\/p>\n\n\n\n<p>Liebe Mitglieder,<\/p>\n\n\n\n<p><strong>ich lade euch herzlich zu unserer diesj\u00e4hrigen Mitgliederversammlung ein. Zur Vermeidung von pers\u00f6nlichen Kontakten &nbsp;werden wir diese Versammlung per E-Mail- und Briefversand durchf\u00fchren.<\/strong><\/p>\n\n\n\n<p>Dieses Verfahren erfordert einen geregelten Terminablauf:<br>bis 1.2.2021 &nbsp;&nbsp; Versand der Einladungen an die Mitglieder<br><strong>bis 14.2.2021 Versand <\/strong>der Wahlvorschl\u00e4ge und Antr\u00e4ge<strong> der Mitglieder an den<\/strong> <strong>Vorstand<\/strong><br>bis 21.2.2021 Versand der Abstimmungsunterlagen an die Mitglieder<br><strong>bis 14.3.2021 R\u00fccksendung der Abstimmungsunterlagen der Mitglieder an die<\/strong> <strong>Wahlleitung<\/strong><\/p>\n\n\n\n<p>Ende M\u00e4rz 2021 Bekanntgabe des Wahlergebnisses und Versand des Protokolls an die Mitglieder.<\/p>\n\n\n\n<p>Folgende Tagesordnung ist vorgesehen:<\/p>\n\n\n\n<ol class=\"wp-block-list\" type=\"1\"><li>Begr\u00fc\u00dfung <\/li><li>Ehrungen <\/li><li>Genehmigung des Protokolls der Jahreshauptversammlung 2019 <\/li><li>Berichte: <br>Vorstand<br>Kurzbericht \u00fcber unser Naturfreundehaus<br>Fachgruppen<br>Kassen<br>Revision<\/li><li>Entlastung des Vorstandes <\/li><li>Neuwahlen <\/li><li>Antr\u00e4ge <\/li><li>Ausblick 2021 <\/li><\/ol>\n\n\n\n<p>Da schon die zuletzt geplante Mitgliederversammlung 2020 wegen Corona ausfallen musste und wichtige Entscheidungen anstehen, w\u00fcrden wir uns freuen wenn sich m\u00f6glichst viele von euch an dieser Mitgliederversammlung beteiligen.<\/p>\n\n\n\n<p>Weitere Informationen zur Durchf\u00fchrung werden euch rechtzeitig zugesandt,<br>k\u00f6nnen aber auch auf den Mitgliederseiten unseres <strong><a rel=\"noreferrer noopener\" href=\"http:\/\/intranet.nf.diwete.de\/doku.php?id=nf-vorstand:erw-vorstand:fachgruppen:nf-mitglied:nf-kontaktfre\" data-type=\"URL\" data-id=\"http:\/\/intranet.nf.diwete.de\/doku.php?id=nf-vorstand:erw-vorstand:fachgruppen:nf-mitglied:nf-kontaktfre\" target=\"_blank\">Intranet <\/a><\/strong>heruntergeladen werden <br>oder liegen in Papierform im Vereinsraum aus. Bei Bedarf kann der Schl\u00fcssel bei Gerhard abgeholt werden.<\/p>\n\n\n\n<p>\u201eBerg frei\u201c <\/p>\n\n\n\n<p>Euer<br>Gerhard<\/p>\n","protected":false},"excerpt":{"rendered":"<p>Bad Emstal den 12.1.2021 Liebe Mitglieder, ich lade euch herzlich zu unserer diesj\u00e4hrigen Mitgliederversammlung ein. Zur Vermeidung von pers\u00f6nlichen Kontakten &nbsp;werden wir diese Versammlung per E-Mail- und Briefversand durchf\u00fchren. Dieses Verfahren erfordert einen geregelten Terminablauf:bis 1.2.2021 &nbsp;&nbsp; Versand der Einladungen an die Mitgliederbis 14.2.2021 Versand der Wahlvorschl\u00e4ge und Antr\u00e4ge der Mitglieder an den Vorstandbis 21.2.2021&#8230; <\/p>\n<div class=\"clear\"><\/div>\n<p><a href=\"https:\/\/naturfreunde-bad-emstal.de\/?p=15738\" class=\"excerpt-read-more\">Read More<\/a><\/p>\n","protected":false},"author":4,"featured_media":6695,"comment_status":"open","ping_status":"open","sticky":true,"template":"","format":"standard","meta":{"ngg_post_thumbnail":0,"footnotes":""},"categories":[63,51],"tags":[],"class_list":["post-15738","post","type-post","status-publish","format-standard","has-post-thumbnail","hentry","category-archiv","category-news"],"_links":{"self":[{"href":"https:\/\/naturfreunde-bad-emstal.de\/index.php?rest_route=\/wp\/v2\/posts\/15738","targetHints":{"allow":["GET"]}}],"collection":[{"href":"https:\/\/naturfreunde-bad-emstal.de\/index.php?rest_route=\/wp\/v2\/posts"}],"about":[{"href":"https:\/\/naturfreunde-bad-emstal.de\/index.php?rest_route=\/wp\/v2\/types\/post"}],"author":[{"embeddable":true,"href":"https:\/\/naturfreunde-bad-emstal.de\/index.php?rest_route=\/wp\/v2\/users\/4"}],"replies":[{"embeddable":true,"href":"https:\/\/naturfreunde-bad-emstal.de\/index.php?rest_route=%2Fwp%2Fv2%2Fcomments&post=15738"}],"version-history":[{"count":9,"href":"https:\/\/naturfreunde-bad-emstal.de\/index.php?rest_route=\/wp\/v2\/posts\/15738\/revisions"}],"predecessor-version":[{"id":15763,"href":"https:\/\/naturfreunde-bad-emstal.de\/index.php?rest_route=\/wp\/v2\/posts\/15738\/revisions\/15763"}],"wp:featuredmedia":[{"embeddable":true,"href":"https:\/\/naturfreunde-bad-emstal.de\/index.php?rest_route=\/wp\/v2\/media\/6695"}],"wp:attachment":[{"href":"https:\/\/naturfreunde-bad-emstal.de\/index.php?rest_route=%2Fwp%2Fv2%2Fmedia&parent=15738"}],"wp:term":[{"taxonomy":"category","embeddable":true,"href":"https:\/\/naturfreunde-bad-emstal.de\/index.php?rest_route=%2Fwp%2Fv2%2Fcategories&post=15738"},{"taxonomy":"post_tag","embeddable":true,"href":"https:\/\/naturfreunde-bad-emstal.de\/index.php?rest_route=%2Fwp%2Fv2%2Ftags&post=15738"}],"curies":[{"name":"wp","href":"https:\/\/api.w.org\/{rel}","templated":true}]}}