{"id":15744,"date":"2021-01-17T14:41:00","date_gmt":"2021-01-17T14:41:00","guid":{"rendered":"http:\/\/naturfreunde-bad-emstal.de\/?p=15744"},"modified":"2023-09-02T17:11:00","modified_gmt":"2023-09-02T17:11:00","slug":"heide-am-naturfreundehaus-und-brennholz-abzugeben","status":"publish","type":"post","link":"https:\/\/naturfreunde-bad-emstal.de\/?p=15744","title":{"rendered":"Heide am Naturfreundehaus und Brennholz abzugeben"},"content":{"rendered":"\n<p>Viele \u00e4ltere Mitbewohner k\u00f6nnen sich gut an den Hang unterhalb vom Naturfreundehaus erinnern, der bis in die 1960er Jahre als Ziegenweide genutzt wurde. Wo heute Wald ist, war damals eine Wiese mit gro\u00dfen Heidefl\u00e4chen. Die NaturFreunde m\u00f6chten mit einem \u00fcber mehrere Jahre angelegten Versuch diese Heidefl\u00e4chen wiederherstellen. Dazu haben sie den Hang eingez\u00e4unt und im Mai 2020 zwei Ziegen mit L\u00e4mmern eingesetzt. Im Nu war alles erreichbare Gr\u00fcn aufgefressen. Damit weiterhin etwas zu fressen da war, wurden Zug um Zug B\u00e4ume gef\u00e4llt. Im Oktober wurden die Ziegen dann ins Winterquartier gebracht. Jetzt liegt eine ganze Menge Holz auf der Fl\u00e4che, das entfernt werden muss, um im Fr\u00fchjahr eine neue Vegetation zu erm\u00f6glichen. Im Mai kommen die Ziegen dann mit neuen L\u00e4mmern nach Bad Emstal zur\u00fcck, werden den Vegetationsumbau weiter voranzutreiben und \u2013 wenn es wieder m\u00f6glich ist \u2013 auch den Kindern der Kindergruppen der NaturFreunde viel Freude zu bereiten. Das Holz wird kostenlos an Interessierte abgegeben. Tel.: 0177-873 4583<\/p>\n\n\n\n<figure class=\"wp-block-image size-large\"><img loading=\"lazy\" decoding=\"async\" width=\"628\" height=\"353\" src=\"https:\/\/naturfreunde-bad-emstal.de\/wp-content\/uploads\/2021\/01\/grafik-2.png\" alt=\"\" class=\"wp-image-15752\" srcset=\"https:\/\/naturfreunde-bad-emstal.de\/wp-content\/uploads\/2021\/01\/grafik-2.png 628w, https:\/\/naturfreunde-bad-emstal.de\/wp-content\/uploads\/2021\/01\/grafik-2-300x169.png 300w\" sizes=\"auto, (max-width: 628px) 100vw, 628px\" \/><\/figure>\n","protected":false},"excerpt":{"rendered":"<p>Viele \u00e4ltere Mitbewohner k\u00f6nnen sich gut an den Hang unterhalb vom Naturfreundehaus erinnern, der bis in die 1960er Jahre als Ziegenweide genutzt wurde. Wo heute Wald ist, war damals eine Wiese mit gro\u00dfen Heidefl\u00e4chen. Die NaturFreunde m\u00f6chten mit einem \u00fcber mehrere Jahre angelegten Versuch diese Heidefl\u00e4chen wiederherstellen. Dazu haben sie den Hang eingez\u00e4unt und im&#8230; <\/p>\n<div class=\"clear\"><\/div>\n<p><a href=\"https:\/\/naturfreunde-bad-emstal.de\/?p=15744\" class=\"excerpt-read-more\">Read More<\/a><\/p>\n","protected":false},"author":7,"featured_media":6695,"comment_status":"open","ping_status":"open","sticky":false,"template":"","format":"standard","meta":{"ngg_post_thumbnail":0,"footnotes":""},"categories":[63,92,51],"tags":[],"class_list":["post-15744","post","type-post","status-publish","format-standard","has-post-thumbnail","hentry","category-archiv","category-heidesukzession","category-news"],"_links":{"self":[{"href":"https:\/\/naturfreunde-bad-emstal.de\/index.php?rest_route=\/wp\/v2\/posts\/15744","targetHints":{"allow":["GET"]}}],"collection":[{"href":"https:\/\/naturfreunde-bad-emstal.de\/index.php?rest_route=\/wp\/v2\/posts"}],"about":[{"href":"https:\/\/naturfreunde-bad-emstal.de\/index.php?rest_route=\/wp\/v2\/types\/post"}],"author":[{"embeddable":true,"href":"https:\/\/naturfreunde-bad-emstal.de\/index.php?rest_route=\/wp\/v2\/users\/7"}],"replies":[{"embeddable":true,"href":"https:\/\/naturfreunde-bad-emstal.de\/index.php?rest_route=%2Fwp%2Fv2%2Fcomments&post=15744"}],"version-history":[{"count":3,"href":"https:\/\/naturfreunde-bad-emstal.de\/index.php?rest_route=\/wp\/v2\/posts\/15744\/revisions"}],"predecessor-version":[{"id":15753,"href":"https:\/\/naturfreunde-bad-emstal.de\/index.php?rest_route=\/wp\/v2\/posts\/15744\/revisions\/15753"}],"wp:featuredmedia":[{"embeddable":true,"href":"https:\/\/naturfreunde-bad-emstal.de\/index.php?rest_route=\/wp\/v2\/media\/6695"}],"wp:attachment":[{"href":"https:\/\/naturfreunde-bad-emstal.de\/index.php?rest_route=%2Fwp%2Fv2%2Fmedia&parent=15744"}],"wp:term":[{"taxonomy":"category","embeddable":true,"href":"https:\/\/naturfreunde-bad-emstal.de\/index.php?rest_route=%2Fwp%2Fv2%2Fcategories&post=15744"},{"taxonomy":"post_tag","embeddable":true,"href":"https:\/\/naturfreunde-bad-emstal.de\/index.php?rest_route=%2Fwp%2Fv2%2Ftags&post=15744"}],"curies":[{"name":"wp","href":"https:\/\/api.w.org\/{rel}","templated":true}]}}