{"id":15747,"date":"2021-01-17T14:49:00","date_gmt":"2021-01-17T14:49:00","guid":{"rendered":"http:\/\/naturfreunde-bad-emstal.de\/?p=15747"},"modified":"2021-02-12T18:00:29","modified_gmt":"2021-02-12T18:00:29","slug":"neues-umweltlabor-am-naturfreundehaus","status":"publish","type":"post","link":"https:\/\/naturfreunde-bad-emstal.de\/?p=15747","title":{"rendered":"Neues Umweltlabor am Naturfreundehaus"},"content":{"rendered":"\n<p>Zu Beginn des letzten Jahres wurde bei den NaturFreunden die Idee geboren, die Kinder- und Jugendarbeit um die, auch spielerische, Erforschung von Wasser, Boden, Laub, Holz, Pilzen usw. zu erweitern. So wurde an der Stelle des nun fast 100 Jahre alten und mittlerweile stark sanierungsbed\u00fcrftigen Holzschuppens mit Hilfe der F\u00f6rderung des Regionalbudgets des Casseler Berglandes ein Umweltlabor gebaut. Dazu wurde der Holzschuppen abgerissen, eine Fundamentplatte gegossen, die Treppe im Hang erneuert und ein Blockbohlenbau errichtet. Dieser besteht aus einem abgeschlossenen Raum, der zu Lagerung von Proben und Ger\u00e4tschaften zur Untersuchung dienen wird und einer \u00fcberdachten Freifl\u00e4che, wo die tats\u00e4chlichen Untersuchungen durchgef\u00fchrt werden. Als Abschluss der Bauma\u00dfname wurde dem Umweltlabor von NaturFreunden ein \u00f6kologischer Farbanstrich verpasst, so dass sich das Geb\u00e4ude nun perfekt in das Gel\u00e4nde am Naturfreundehaus einf\u00fcgt. Eine erste, eingeschr\u00e4nkte Veranstaltung konnte bereits mit Kindern der \u201eNaturschutz vor Ort\u201c AG der Christine-Br\u00fcckner-Schule durchgef\u00fchrt werden.<\/p>\n\n\n\n<figure class=\"wp-block-image size-large\"><img loading=\"lazy\" decoding=\"async\" width=\"628\" height=\"471\" src=\"https:\/\/naturfreunde-bad-emstal.de\/wp-content\/uploads\/2021\/01\/grafik-1.png\" alt=\"\" class=\"wp-image-15749\" srcset=\"https:\/\/naturfreunde-bad-emstal.de\/wp-content\/uploads\/2021\/01\/grafik-1.png 628w, https:\/\/naturfreunde-bad-emstal.de\/wp-content\/uploads\/2021\/01\/grafik-1-300x225.png 300w, https:\/\/naturfreunde-bad-emstal.de\/wp-content\/uploads\/2021\/01\/grafik-1-400x300.png 400w\" sizes=\"auto, (max-width: 628px) 100vw, 628px\" \/><\/figure>\n","protected":false},"excerpt":{"rendered":"<p>Zu Beginn des letzten Jahres wurde bei den NaturFreunden die Idee geboren, die Kinder- und Jugendarbeit um die, auch spielerische, Erforschung von Wasser, Boden, Laub, Holz, Pilzen usw. zu erweitern. So wurde an der Stelle des nun fast 100 Jahre alten und mittlerweile stark sanierungsbed\u00fcrftigen Holzschuppens mit Hilfe der F\u00f6rderung des Regionalbudgets des Casseler Berglandes&#8230; <\/p>\n<div class=\"clear\"><\/div>\n<p><a href=\"https:\/\/naturfreunde-bad-emstal.de\/?p=15747\" class=\"excerpt-read-more\">Read More<\/a><\/p>\n","protected":false},"author":7,"featured_media":15819,"comment_status":"open","ping_status":"open","sticky":false,"template":"","format":"standard","meta":{"ngg_post_thumbnail":0,"footnotes":""},"categories":[63,51],"tags":[],"class_list":["post-15747","post","type-post","status-publish","format-standard","has-post-thumbnail","hentry","category-archiv","category-news"],"_links":{"self":[{"href":"https:\/\/naturfreunde-bad-emstal.de\/index.php?rest_route=\/wp\/v2\/posts\/15747","targetHints":{"allow":["GET"]}}],"collection":[{"href":"https:\/\/naturfreunde-bad-emstal.de\/index.php?rest_route=\/wp\/v2\/posts"}],"about":[{"href":"https:\/\/naturfreunde-bad-emstal.de\/index.php?rest_route=\/wp\/v2\/types\/post"}],"author":[{"embeddable":true,"href":"https:\/\/naturfreunde-bad-emstal.de\/index.php?rest_route=\/wp\/v2\/users\/7"}],"replies":[{"embeddable":true,"href":"https:\/\/naturfreunde-bad-emstal.de\/index.php?rest_route=%2Fwp%2Fv2%2Fcomments&post=15747"}],"version-history":[{"count":2,"href":"https:\/\/naturfreunde-bad-emstal.de\/index.php?rest_route=\/wp\/v2\/posts\/15747\/revisions"}],"predecessor-version":[{"id":15751,"href":"https:\/\/naturfreunde-bad-emstal.de\/index.php?rest_route=\/wp\/v2\/posts\/15747\/revisions\/15751"}],"wp:featuredmedia":[{"embeddable":true,"href":"https:\/\/naturfreunde-bad-emstal.de\/index.php?rest_route=\/wp\/v2\/media\/15819"}],"wp:attachment":[{"href":"https:\/\/naturfreunde-bad-emstal.de\/index.php?rest_route=%2Fwp%2Fv2%2Fmedia&parent=15747"}],"wp:term":[{"taxonomy":"category","embeddable":true,"href":"https:\/\/naturfreunde-bad-emstal.de\/index.php?rest_route=%2Fwp%2Fv2%2Fcategories&post=15747"},{"taxonomy":"post_tag","embeddable":true,"href":"https:\/\/naturfreunde-bad-emstal.de\/index.php?rest_route=%2Fwp%2Fv2%2Ftags&post=15747"}],"curies":[{"name":"wp","href":"https:\/\/api.w.org\/{rel}","templated":true}]}}