{"id":16440,"date":"2021-12-08T17:08:36","date_gmt":"2021-12-08T17:08:36","guid":{"rendered":"https:\/\/naturfreunde-bad-emstal.de\/?p=16440"},"modified":"2021-12-08T17:22:37","modified_gmt":"2021-12-08T17:22:37","slug":"wanderung-im-wattertal","status":"publish","type":"post","link":"https:\/\/naturfreunde-bad-emstal.de\/?p=16440","title":{"rendered":"Wanderung im Wattertal"},"content":{"rendered":"\n<p>Bei sch\u00f6nem Sp\u00e4therbstwetter machte die Wandergruppe am vergangenen Sonntag eine Tour durch das Wattertal bei L\u00fctersheim. Es ging an gewaltigen Felsformationen vorbei, die ein bisschen ans Elbsandsteingebirge erinnerten. Bei guter Stimmung wurden ca. 7 km \u00fcber jahreszeitlich bedingt zum Teil ziemlich verschlammte Pfade zur\u00fcckgelegt. Es wurde schon kundgetan, dass man diese Runde doch gerne nochmals im Fr\u00fchling\/ Sommer laufen m\u00f6chte.<\/p>\n\n\n\n<p>Bilder dieser <a href=\"https:\/\/naturfreunde-bad-emstal.de\/index.php\/nggallery\/2021\/wanderung-bei-luetersheim?page_id=15864\" target=\"_blank\" rel=\"noreferrer noopener\">sch\u00f6nen Wanderung findet ihr hier<\/a><\/p>\n\n\n\n<p>Eine Aufzeichnung der Wanderung \u00fcber <a href=\"https:\/\/www.komoot.de\/tour\/590386490\" target=\"_blank\" rel=\"noreferrer noopener\">Komoot findet ihr hier<\/a><\/p>\n","protected":false},"excerpt":{"rendered":"<p>Bei sch\u00f6nem Sp\u00e4therbstwetter machte die Wandergruppe am vergangenen Sonntag eine Tour durch das Wattertal bei L\u00fctersheim. Es ging an gewaltigen Felsformationen vorbei, die ein bisschen ans Elbsandsteingebirge erinnerten. Bei guter Stimmung wurden ca. 7 km \u00fcber jahreszeitlich bedingt zum Teil ziemlich verschlammte Pfade zur\u00fcckgelegt. Es wurde schon kundgetan, dass man diese Runde doch gerne nochmals&#8230; <\/p>\n<div class=\"clear\"><\/div>\n<p><a href=\"https:\/\/naturfreunde-bad-emstal.de\/?p=16440\" class=\"excerpt-read-more\">Read More<\/a><\/p>\n","protected":false},"author":8,"featured_media":16462,"comment_status":"open","ping_status":"open","sticky":false,"template":"","format":"standard","meta":{"ngg_post_thumbnail":0,"footnotes":""},"categories":[63,51,74],"tags":[],"class_list":["post-16440","post","type-post","status-publish","format-standard","has-post-thumbnail","hentry","category-archiv","category-news","category-wandern"],"_links":{"self":[{"href":"https:\/\/naturfreunde-bad-emstal.de\/index.php?rest_route=\/wp\/v2\/posts\/16440","targetHints":{"allow":["GET"]}}],"collection":[{"href":"https:\/\/naturfreunde-bad-emstal.de\/index.php?rest_route=\/wp\/v2\/posts"}],"about":[{"href":"https:\/\/naturfreunde-bad-emstal.de\/index.php?rest_route=\/wp\/v2\/types\/post"}],"author":[{"embeddable":true,"href":"https:\/\/naturfreunde-bad-emstal.de\/index.php?rest_route=\/wp\/v2\/users\/8"}],"replies":[{"embeddable":true,"href":"https:\/\/naturfreunde-bad-emstal.de\/index.php?rest_route=%2Fwp%2Fv2%2Fcomments&post=16440"}],"version-history":[{"count":3,"href":"https:\/\/naturfreunde-bad-emstal.de\/index.php?rest_route=\/wp\/v2\/posts\/16440\/revisions"}],"predecessor-version":[{"id":16463,"href":"https:\/\/naturfreunde-bad-emstal.de\/index.php?rest_route=\/wp\/v2\/posts\/16440\/revisions\/16463"}],"wp:featuredmedia":[{"embeddable":true,"href":"https:\/\/naturfreunde-bad-emstal.de\/index.php?rest_route=\/wp\/v2\/media\/16462"}],"wp:attachment":[{"href":"https:\/\/naturfreunde-bad-emstal.de\/index.php?rest_route=%2Fwp%2Fv2%2Fmedia&parent=16440"}],"wp:term":[{"taxonomy":"category","embeddable":true,"href":"https:\/\/naturfreunde-bad-emstal.de\/index.php?rest_route=%2Fwp%2Fv2%2Fcategories&post=16440"},{"taxonomy":"post_tag","embeddable":true,"href":"https:\/\/naturfreunde-bad-emstal.de\/index.php?rest_route=%2Fwp%2Fv2%2Ftags&post=16440"}],"curies":[{"name":"wp","href":"https:\/\/api.w.org\/{rel}","templated":true}]}}