{"id":16482,"date":"2021-12-15T17:06:32","date_gmt":"2021-12-15T17:06:32","guid":{"rendered":"https:\/\/naturfreunde-bad-emstal.de\/?p=16482"},"modified":"2022-04-19T10:56:35","modified_gmt":"2022-04-19T10:56:35","slug":"die-naturfreunde-ein-verein-in-dem-solidaritaet-und-natur-keine-leeren-worte-sind","status":"publish","type":"post","link":"https:\/\/naturfreunde-bad-emstal.de\/?p=16482","title":{"rendered":"Die NaturFreunde, ein Verein, in dem Solidarit\u00e4t und Natur keine leeren Worte sind."},"content":{"rendered":"\n<p><strong><mark style=\"background-color:rgba(0, 0, 0, 0)\" class=\"has-inline-color has-vivid-red-color\">Die Ortsgruppe Bad Emstal wird 100 Jahre alt<\/mark><\/strong><\/p>\n\n\n\n<p>Die NaturFreunde wurden 1895 als Touristenverein in Wien gegr\u00fcndet. Die Wanderbewegung schwappte bald auch nach Deutschland \u00fcber, wo die Gr\u00fcndung von Ortsgruppen durch den 1. Weltkrieg vorerst unterbrochen wurde. Nach dem Ende des 1. Weltkriegs bildeten sich in vielen Gemeinden Wanderclubs, zu denen auch Musikgruppen geh\u00f6rten. Es wurde auf Mandolinen und Gitarren gespielt und dazu gesungen. So auch in&nbsp; Sand, wo junge Menschen sich zum Mandolinenclub \u201eWaldeslust\u201c zusammenschlossen. Am 20. Juni 1920 fand die Gr\u00fcndungsversammlung in der Gastwirtschaft \u201eZum k\u00fchlen Grunde\u201c statt. Die Mitgliederzahl wuchs best\u00e4ndig und von den Vereinsbeitr\u00e4gen konnten neue Instrumente angeschafft werden. Es wurde nicht nur musiziert, sondern auch regelm\u00e4\u00dfig gewandert oder getanzt. Heinrich Kimm schlug im November 1921 vor, dem Tourismusverein \u201eDie Naturfreunde\u201c beizutreten. Auf der Gr\u00fcndungsversammlung am 18. Dezember 1921 wurde dieser Vorschlag angenommen und Willi Heinemann zum 1. Vorsitzenden gew\u00e4hlt.<\/p>\n\n\n\n<p>Durch den Anschlu\u00df an die gro\u00dfe Organisation NaturFreunde Deutschlands war man nun durch die Versammlungen in der ganzen Republik unterwegs.<\/p>\n\n\n\n<p>1923 plante der Verein die Errichtung einer Schutzh\u00fctte am Emserberg, aber die Inflation machte diese Pl\u00e4ne zunichte. Daf\u00fcr wurde viel in der n\u00e4heren Umgebung gewandert, \u00fcbernachtet wurde in Heuschobern und Scheunen. Nach der Macht\u00fcbernahme Hitlers 1933 wurde die politische Lage immer kritischer, der Tourismusverein \u201eDie Naturfreunde\u201c wurde als staatsfeindlich eingestuft und verboten, die Ortsgruppe Sand musste sich aufl\u00f6sen, Vereinsunterlagen vernichtet werden.<\/p>\n\n\n\n<p>Das Ende des 2. Weltkriegs 1945 erm\u00f6glichte es den ehemaligen Mitgliedern, sich wieder frei und offen zu treffen.&nbsp; Als antifaschistische Organisation war es den NaturFreunden vielerorts schnell m\u00f6glich, die Erlaubnis zur Neugr\u00fcndung zu erhalten. Au\u00dferdem versuchten sie, ihre von den Nazis beschlagnahmten H\u00e4user, wie das Meissnerhaus, zur\u00fcck zu erhalten. Die erste Versammlung der Naturfreunde in Sand war im August 1947 zur Reaktivierung des Vereins. Im Mai 1949 beschloss die Generalversammlung der Naturfreunde ein eigenes Haus am Emserberg zu bauen und beantragte bei der Gemeinde Sand einen kostenlosen Bauplatz, sowie den Abbruch der Schulscheune und \u00dcberlassung des Materials dem Verein der Naturfreunde. Die Antr\u00e4ge wurden bewilligt, so dass im Juli 1949 mit den Bauvorbereitungen begonnen werden konnte: Materialbeschaffung, Ausschachtarbeiten, Fundamentarbeiten. Die Grundsteinlegung wurde im Mai 1950 mit Beteiligung mehrerer Ortsgruppen gefeiert. Zu diesem Anlass wurde der Bauplatz den Naturfreunden als Eigentum \u00fcberlassen. In v\u00f6lliger Eigenleistung wurde nun mit dem Bau begonnen: viele der Helfer hatten solche T\u00e4tigkeiten noch nie durchgef\u00fchrt, was das Arbeiten erschwerte.&nbsp; Das Richtfest fand im November 1950 statt. Fertiggestellt wurde das Haus nach zweij\u00e4hriger Bauzeit im September 1951, am 16.9.1951 wurde das Haus feierlich eingeweiht und seiner Bestimmung \u00fcbergeben. Gleichzeitig konnte der Verein sein 30-j\u00e4hriges Bestehen feiern.&nbsp; Das Haus erfreute sich steigender Beliebtheit bei den Tourismusfreunden und wurde bald zu klein. Da das Haus st\u00e4ndige Betreuung erforderte, wurde 1955 mit Hilfe eines Darlehens seitens der Gemeinde Sand eine H\u00fcttenwohnung angebaut, in dem das Ehepaar Heinemann als Hauswarte einzog. Au\u00dferdem \u00fcberlie\u00df die Gemeinde den NaturFreunden eine alte Umkleidekabine, die als Fahrradschuppen genutzt wurde und sp\u00e4ter den Kanuten als Bootshaus diente. Es herrschte eine reges Vereinsleben mit Wanderungen und Fahrten und Teilnahme an gro\u00dfen Versammlungen sowie Urlaubsfahrten und Reisen im europ\u00e4ischen Raum. Auch Lichtbildvortr\u00e4ge von Freunden und Berg- Wandern bereicherten das Miteinander.<\/p>\n\n\n\n<p>Und wichtig waren die Erhaltungsarbeiten und Neuerungen am Naturfreundehaus, die ausschlie\u00dflich in Eigenleistung erbracht wurden: 1956 wurde eine Kleinkl\u00e4ranlage gebaut, sanit\u00e4re Anlagen und eine Wasserleitung installiert. In den 60er Jahren wurde vor dem Haus ein Freisitz errichtet, der sp\u00e4ter \u00fcberdacht wurde.&nbsp; Das Haus musste zur Entw\u00e4sserung an die Kanalisation der Gemeinde angeschlossen werden. Im Haus wurden zwei Zimmer an die Warmwasserleitung angeschlossen und ein weiteres Zimmer angebaut sowie die Fassade neu gestrichen.<\/p>\n\n\n\n<p>Gebrauchsgegenst\u00e4nde wie Bettw\u00e4sche, Geschirr und Einrichtungsgegenst\u00e4nde mussten erhalten und ersetzt werde. Da konnte oft auf Spenden zur\u00fcckgegriffen werden.<\/p>\n\n\n\n<p>Das Haus erfreute sich auch gro\u00dfer Beliebtheit bei ausl\u00e4ndischen G\u00e4sten, es wurden durchschnittlich 4000 \u00dcbernachtungen im Jahr verzeichnet. Die Arbeiterwohlfahrt kam regelm\u00e4\u00dfig mit etwa 80 Kindern in das Haus sowie Kindergruppen aus Berlin. Viele G\u00e4ste reisten inzwischen mit Autos an, so dass ein Parkplatz n\u00f6tig wurde.<\/p>\n\n\n\n<p>In den 70er Jahren wurde die Zufahrt zum Haus und der Parkplatz asphaltiert, eine Zentralheizung im Haus eingebaut und die Sanit\u00e4ranlagen im Untergescho\u00df erneuert. Durch Zukauf konnte das Grundst\u00fcck um den Spiel- und Zeltplatz erweitert werden und damit die Attraktivit\u00e4t noch verbessert werden. Es gr\u00fcndete sich die \u201eGruppe Falkenstein\u201c, deren Ziel es war, die Ruine Falkenstein zu restaurieren und erhalten, heute ein beliebter Ort bei Wanderungen in der Umgebung und des Habichtwaldsteigs. Au\u00dferdem trat man der Sport- und Kulturvereinigung Bad Emstal bei.<\/p>\n\n\n\n<p>1980 \u2013 2000 wurde ein Anbau geplant und fertiggestellt, ein Biotop am Zeltplatz eingerichtet , der Kinderspielplatz fertiggestellt und der Anbau aufgestockt. Die K\u00fcche wurde mit Nirostaeinrichtung \u201eprofessionalisiert\u201c, sp\u00e4ter kamen noch weitere Einrichtungen sowie der Lastenaufzug dazu. 1995 wurde mit dem Bau der Backhauses begonnen, das 2001 fertiggestellt und in Betrieb genommen wurde. Es erfreut sich auch heute noch gro\u00dfer Beliebtheit bei verschiedensten Aktivit\u00e4ten \u00fcbers Jahr verteilt. Eine weitere Modernisierung war die Installation einer Solaranlage.<\/p>\n\n\n\n<p>2004 wurde eine Vereinsgemeinschaft mit den \u201eFreien Kanu- Sportlern\u201c gegr\u00fcndet, die den alten Fahrradschuppen als Bootshaus nutzen durften. Ab jetzt waren die Naturfreunde mit ihrer eigenen Homepage \u201e mit der Welt verbunden\u201c. Es folgte eine Hotline f\u00fcr Hausbelegungsanfragen und ein offener Hotspot . Die Feuerh\u00fctte bekam eine Feuerstelle, die f\u00fcr viele gem\u00fctlich- warme Zusammenk\u00fcnfte genutzt wurde\/wird und eine Au\u00dfen\u00fcberdachung um die Feuerh\u00fctte.&nbsp; F\u00fcr den Bootsanh\u00e4nger wurde ein Unterstand neben dem Backhaus gebaut, f\u00fcr die Kindergruppe ein Bauwagen organisiert, der seinen Standort am Biotop bekam und den die Kindern nach ihren W\u00fcnschen einrichten und nutzen konnten.<\/p>\n\n\n\n<p>Da der Bootsschuppen allm\u00e4hlich zu klein und auch bauf\u00e4llig wurde, kamen \u00dcberlegungen und Planungen zum Neubau eines Bootshauses auf dem Gel\u00e4nde der Zeltwiese auf, mit dem 2015 begonnen wurde und mit viel Eigenleistung im Oktober 2018 seiner Bestimmung \u00fcbergeben werden konnte. Es bietet au\u00dferdem den Kanuten und Nutzern der Zeltwiese sanit\u00e4re Einrichtungen und eine K\u00fcche.<\/p>\n\n\n\n<p>Auch in die Sicherheit im Naturfreundehaus musste einiges investiert werden, z.B. der Bau eines Fluchtsteges,&nbsp; weitere Ma\u00dfnahmen folgten und sind in Planung.<\/p>\n\n\n\n<p>Vereinsraum, Besprechungsraum und Jugendraum wurden renoviert und neu gestaltet, Duschen und Herrentoilette im Untergescho\u00df neu gebaut. Ein Tipi f\u00fcr den Zeltplatz angeschafft, was leider im Fr\u00fchsommer zerst\u00f6rt wurde. Eine freundliche Spende der Firma Abenteuer4ma, die regelm\u00e4\u00dfig mit ihren G\u00e4sten im Naturfreundehaus Ferienma\u00dfnahmen durchf\u00fchrt, erm\u00f6glicht im n\u00e4chsten Jahr das Tipi \u2013 Angebot weiterf\u00fchren zu k\u00f6nnen.<\/p>\n\n\n\n<p>Eine weitere gro\u00dfe Ma\u00dfnahme war der Neubau der Zufahrtsstra\u00dfe, die notwendig wurde, weil gro\u00dfe Fahrzeuge, z.B. M\u00fcllabfuhr oder Busse, immer gr\u00f6\u00dfere Probleme hatten, das Haus zu erreichen.<\/p>\n\n\n\n<p>Im Jahr 2017 wurde im Bereich Bad Emstal der NaturaTrail \u201eWaldmeisterweg\u201c realisiert, unterst\u00fctzt durch verschiedene \u00f6ffentliche Institutionen und ma\u00dfgeblich organisiert mit einer Sch\u00fcler- AG der Christine- Br\u00fcckner- Schule in Sand. Bei der Er\u00f6ffnung war der damalige Regierungspr\u00e4sident Walter L\u00fcbcke als Redner zu Gast.<\/p>\n\n\n\n<p>Seit 2020 \u201ebewohnen\u201c auch Vierbeiner das Areal am Naturfreundehaus:&nbsp; Mutterziegen mit ihrem Nachwuchs, die mit ihrem Verbiss die Renaturierung\/ Sukzession des Hanges unterhalb des Naturfreundehauses erreichen sollen.<\/p>\n\n\n\n<p>Letztes Projekt ist die Einrichtung eines Umweltlabors: der alte Bootsschuppen wurde abgerissen und durch ein stabiles Holzhaus ersetzt, in dem ab 2022 verschiedenste Aktionen im Bereich der Naturerforschung angeboten werden.<\/p>\n\n\n\n<p>Neben all diesen Ma\u00dfnahmen zur Erhaltung und attraktiven Gestaltung des Naturfreundehauses wurden nat\u00fcrlich auch die Hauptanliegen der Naturfreunde gepflegt: soziale und sozialpolitische Belange.<\/p>\n\n\n\n<p>Auf Initiative einiger Emstaler B\u00fcrger wurde mit Unterst\u00fctzung des damaligen Vorstandes 1981 eine Friedensinitiative gegen den Nato- Doppelbeschluss gegr\u00fcndet, aus dem eine Untergruppe bei den Emstaler Naturfreunden entstand. Die ersten Aktionen waren Fahrten 1982 und 1983 zu den Friedensdemonstrationen im Bonner Hofgarten. In den Folgejahren nahmen immer wieder Mitglieder der Emstaler Naturfreunde an Friedensm\u00e4rschen zu Ostern teil, organisierten sie auch manches Mal mit. Ein besonderes Highlight war die Teilnahme mehrerer Naturfreunde an der Gro\u00dfdemonstration 2003 in Berlin gegen den Irakkrieg der USA mit weit \u00fcber einer halben Million Teilnehmern.<\/p>\n\n\n\n<p>Im Zuge der atomaren Aufr\u00fcstung stellte die SPD 1984 in der Gemeindevertretung den Antrag, im Gemeindegebiet von Emstal keine Atomwaffenpr\u00e4senz zu unterst\u00fctzen. In den folgenden Jahren wurde immer wieder dar\u00fcber diskutiert, die \u201eatomwaffenfreie Zone\u201c \u00fcber die Ortsschilder zu kommunizieren. Durch ein Treffen und Diskussion zu diesem Thema von B\u00fcrgermeister, Gemeindevertretern und Mitgliedern der Friedensinitiative wurde dies dann 1990 auf Antrag der SPD beschlossen und an den Ortsein- und &#8211; ausg\u00e4ngen Schilder mit dem Zusatz \u201eatomwaffenfreie Zone\u201c aufgestellt.<\/p>\n\n\n\n<p>Eine besondere Aktion war die Vertreibung von Panzern und Milit\u00e4rfahrzeugen w\u00e4hrend des Herbstman\u00f6vers \u201eGolden Crown\u201c der NATO im Herbst 1989. Ein Mitglied der Friedensinitiative meldet eine Demonstration an der Kreuzung Kasseler Stra\u00dfe\/ Wolfhager Stra\u00dfe beim Ordnungsamt der Gemeinde an unter Einbeziehung der Krankenhausgel\u00e4ndes Merxhausen als besonders sch\u00fctzenswertem Bereich. Ca. 50 B\u00fcrger versammelten sich an der Kreuzung, Aktivisten der Naturfreunde stoppten 5 englische Panzer und einen belgischen Konvoi. Nach l\u00e4ngeren Diskussionen kehrten die Milit\u00e4r- und Einsatzfahrzeuge um. Ab dem Tag danach wurden alle Ortseing\u00e4nge von belgischen Milit\u00e4rposten bewacht, damit Bad Emstal von Milit\u00e4raktionen bewahrt wurde. Auch bei folgenden Man\u00f6vern blieb Bad Emstal von Milit\u00e4raktionen verschont.<\/p>\n\n\n\n<p>Wichtig ist die Gemeinschaftspflege der Mitglieder, da stehen verschiedenste Gruppen und Aktivit\u00e4ten f\u00fcr alle Altersgruppen zur Verf\u00fcgung: Seniorentreffen, Kinder- und Jugendgruppen, Backhausgruppe, Kanuten, Wandergruppe, Kochgruppe, Literaturgruppe\/ Lesekreis, Bierbrauen, Spielerunde, Sonnenwendfeuer, Filmabende und eine Bibliothek. Es besteht auch eine Gruppe, die sich mit lokaler Entwicklung befasst.<\/p>\n\n\n\n<p>Diese Gruppen treffen sich regelm\u00e4\u00dfig \u2013 wenn Corona nicht w\u00e4re. Seit fast zwei Jahren sind die Aktivit\u00e4ten wie \u00fcberall stark eingeschr\u00e4nkt oder gar nicht mehr m\u00f6glich gewesen. Einzelne Gruppen sind online in Kontakt geblieben und konnten so das Gemeinschaftsgef\u00fchl weiter erhalten. Von M\u00e4rz 2020 bis Juni 2021 war das Naturfreundehaus komplett geschlossen und auch jetzt ist es unter sehr starken Einschr\u00e4nkungen nur bedingt ge\u00f6ffnet oder buchbar. Im September 2021 ist es 70 Jahre \u201ealt geworden\u201c.<\/p>\n\n\n\n<p>Besonders zu erw\u00e4hnen ist auch die Unterst\u00fctzung und Mitarbeit bei der Integration der Fl\u00fcchtlinge 2016 in Sand.<\/p>\n\n\n\n<p>Vorsitzende der Naturfreunde waren 1921 \u2013 1933 und 1945 \u2013 1971 Willi Heinemann, 1971 \u2013 2010 Bertold Schmidt, seit 2010 Gerhard Raabe. Beide Vorg\u00e4nger wurden zu Ehrenvorsitzenden gew\u00e4hlt.<\/p>\n\n\n\n<p>Leider musste die Feier zum 100-j\u00e4hrigen Bestehen der Naturfreunde Bad Emstal am 18. Dezember 2021 coronabedingt ausfallen. Das Fest wird voraussichtlich am 9. und 10. Juli 2022 nachgeholt, die Mitglieder und Bev\u00f6lkerung sind dazu herzlich eingeladen.<\/p>\n\n\n\n<p><\/p>\n\n\n\n<figure class=\"wp-block-image size-large\"><img loading=\"lazy\" decoding=\"async\" width=\"1024\" height=\"747\" src=\"https:\/\/naturfreunde-bad-emstal.de\/wp-content\/uploads\/2021\/12\/NFH-1951-1024x747.jpg\" alt=\"\" class=\"wp-image-16487\" srcset=\"https:\/\/naturfreunde-bad-emstal.de\/wp-content\/uploads\/2021\/12\/NFH-1951-1024x747.jpg 1024w, https:\/\/naturfreunde-bad-emstal.de\/wp-content\/uploads\/2021\/12\/NFH-1951-300x219.jpg 300w, https:\/\/naturfreunde-bad-emstal.de\/wp-content\/uploads\/2021\/12\/NFH-1951-768x560.jpg 768w, https:\/\/naturfreunde-bad-emstal.de\/wp-content\/uploads\/2021\/12\/NFH-1951-1536x1121.jpg 1536w, https:\/\/naturfreunde-bad-emstal.de\/wp-content\/uploads\/2021\/12\/NFH-1951-2048x1494.jpg 2048w\" sizes=\"auto, (max-width: 1024px) 100vw, 1024px\" \/><figcaption>Unser Naturfreundehaus 1951<\/figcaption><\/figure>\n\n\n\n<figure class=\"wp-block-image size-large\"><img loading=\"lazy\" decoding=\"async\" width=\"1024\" height=\"731\" src=\"https:\/\/naturfreunde-bad-emstal.de\/wp-content\/uploads\/2021\/12\/NFH-1960-1024x731.jpg\" alt=\"\" class=\"wp-image-16488\" srcset=\"https:\/\/naturfreunde-bad-emstal.de\/wp-content\/uploads\/2021\/12\/NFH-1960-1024x731.jpg 1024w, https:\/\/naturfreunde-bad-emstal.de\/wp-content\/uploads\/2021\/12\/NFH-1960-300x214.jpg 300w, https:\/\/naturfreunde-bad-emstal.de\/wp-content\/uploads\/2021\/12\/NFH-1960-768x549.jpg 768w, https:\/\/naturfreunde-bad-emstal.de\/wp-content\/uploads\/2021\/12\/NFH-1960-1536x1097.jpg 1536w, https:\/\/naturfreunde-bad-emstal.de\/wp-content\/uploads\/2021\/12\/NFH-1960.jpg 1725w\" sizes=\"auto, (max-width: 1024px) 100vw, 1024px\" \/><figcaption>Unser Naturfreundehaus 1960<\/figcaption><\/figure>\n\n\n\n<figure class=\"wp-block-image size-large\"><img loading=\"lazy\" decoding=\"async\" width=\"1024\" height=\"627\" src=\"https:\/\/naturfreunde-bad-emstal.de\/wp-content\/uploads\/2021\/12\/NFH-neu-1024x627.jpg\" alt=\"\" class=\"wp-image-16489\" srcset=\"https:\/\/naturfreunde-bad-emstal.de\/wp-content\/uploads\/2021\/12\/NFH-neu-1024x627.jpg 1024w, https:\/\/naturfreunde-bad-emstal.de\/wp-content\/uploads\/2021\/12\/NFH-neu-300x184.jpg 300w, https:\/\/naturfreunde-bad-emstal.de\/wp-content\/uploads\/2021\/12\/NFH-neu-768x470.jpg 768w, https:\/\/naturfreunde-bad-emstal.de\/wp-content\/uploads\/2021\/12\/NFH-neu.jpg 1502w\" sizes=\"auto, (max-width: 1024px) 100vw, 1024px\" \/><figcaption>Unser Naturfreundehaus 2016<\/figcaption><\/figure>\n\n\n\n<figure class=\"wp-block-image size-large\"><img loading=\"lazy\" decoding=\"async\" width=\"1024\" height=\"644\" src=\"https:\/\/naturfreunde-bad-emstal.de\/wp-content\/uploads\/2021\/12\/Mandolinengruppe-1921-1024x644.jpg\" alt=\"\" class=\"wp-image-16486\" srcset=\"https:\/\/naturfreunde-bad-emstal.de\/wp-content\/uploads\/2021\/12\/Mandolinengruppe-1921-1024x644.jpg 1024w, https:\/\/naturfreunde-bad-emstal.de\/wp-content\/uploads\/2021\/12\/Mandolinengruppe-1921-300x189.jpg 300w, https:\/\/naturfreunde-bad-emstal.de\/wp-content\/uploads\/2021\/12\/Mandolinengruppe-1921-768x483.jpg 768w, https:\/\/naturfreunde-bad-emstal.de\/wp-content\/uploads\/2021\/12\/Mandolinengruppe-1921-1536x965.jpg 1536w, https:\/\/naturfreunde-bad-emstal.de\/wp-content\/uploads\/2021\/12\/Mandolinengruppe-1921.jpg 1561w\" sizes=\"auto, (max-width: 1024px) 100vw, 1024px\" \/><figcaption>Mandolinengruppe der NF Sand Juli 1971<\/figcaption><\/figure>\n\n\n\n<figure class=\"wp-block-image size-large\"><img loading=\"lazy\" decoding=\"async\" width=\"1024\" height=\"691\" src=\"https:\/\/naturfreunde-bad-emstal.de\/wp-content\/uploads\/2021\/12\/Gruppenbild-9.6.1985-1024x691.jpg\" alt=\"\" class=\"wp-image-16484\" srcset=\"https:\/\/naturfreunde-bad-emstal.de\/wp-content\/uploads\/2021\/12\/Gruppenbild-9.6.1985-1024x691.jpg 1024w, https:\/\/naturfreunde-bad-emstal.de\/wp-content\/uploads\/2021\/12\/Gruppenbild-9.6.1985-300x202.jpg 300w, https:\/\/naturfreunde-bad-emstal.de\/wp-content\/uploads\/2021\/12\/Gruppenbild-9.6.1985-768x518.jpg 768w, https:\/\/naturfreunde-bad-emstal.de\/wp-content\/uploads\/2021\/12\/Gruppenbild-9.6.1985-1536x1036.jpg 1536w, https:\/\/naturfreunde-bad-emstal.de\/wp-content\/uploads\/2021\/12\/Gruppenbild-9.6.1985-2048x1381.jpg 2048w\" sizes=\"auto, (max-width: 1024px) 100vw, 1024px\" \/><figcaption>NF Bad Emstal 9.6.1985<\/figcaption><\/figure>\n\n\n\n<p>Erkennt ihr alle wieder?<br>Hi<a href=\"https:\/\/naturfreunde-bad-emstal.de\/wp-content\/uploads\/2021\/12\/Gruppenbild-9.6.1985_Sammelmappe-1.pdf\" target=\"_blank\" rel=\"noreferrer noopener\">er findet ihr die Aufl\u00f6sung <\/a><\/p>\n","protected":false},"excerpt":{"rendered":"<p>Die Ortsgruppe Bad Emstal wird 100 Jahre alt Die NaturFreunde wurden 1895 als Touristenverein in Wien gegr\u00fcndet. Die Wanderbewegung schwappte bald auch nach Deutschland \u00fcber, wo die Gr\u00fcndung von Ortsgruppen durch den 1. Weltkrieg vorerst unterbrochen wurde. Nach dem Ende des 1. Weltkriegs bildeten sich in vielen Gemeinden Wanderclubs, zu denen auch Musikgruppen geh\u00f6rten. Es&#8230; <\/p>\n<div class=\"clear\"><\/div>\n<p><a href=\"https:\/\/naturfreunde-bad-emstal.de\/?p=16482\" class=\"excerpt-read-more\">Read More<\/a><\/p>\n","protected":false},"author":8,"featured_media":16501,"comment_status":"open","ping_status":"open","sticky":false,"template":"","format":"standard","meta":{"ngg_post_thumbnail":0,"footnotes":""},"categories":[63,51],"tags":[],"class_list":["post-16482","post","type-post","status-publish","format-standard","has-post-thumbnail","hentry","category-archiv","category-news"],"_links":{"self":[{"href":"https:\/\/naturfreunde-bad-emstal.de\/index.php?rest_route=\/wp\/v2\/posts\/16482","targetHints":{"allow":["GET"]}}],"collection":[{"href":"https:\/\/naturfreunde-bad-emstal.de\/index.php?rest_route=\/wp\/v2\/posts"}],"about":[{"href":"https:\/\/naturfreunde-bad-emstal.de\/index.php?rest_route=\/wp\/v2\/types\/post"}],"author":[{"embeddable":true,"href":"https:\/\/naturfreunde-bad-emstal.de\/index.php?rest_route=\/wp\/v2\/users\/8"}],"replies":[{"embeddable":true,"href":"https:\/\/naturfreunde-bad-emstal.de\/index.php?rest_route=%2Fwp%2Fv2%2Fcomments&post=16482"}],"version-history":[{"count":9,"href":"https:\/\/naturfreunde-bad-emstal.de\/index.php?rest_route=\/wp\/v2\/posts\/16482\/revisions"}],"predecessor-version":[{"id":16731,"href":"https:\/\/naturfreunde-bad-emstal.de\/index.php?rest_route=\/wp\/v2\/posts\/16482\/revisions\/16731"}],"wp:featuredmedia":[{"embeddable":true,"href":"https:\/\/naturfreunde-bad-emstal.de\/index.php?rest_route=\/wp\/v2\/media\/16501"}],"wp:attachment":[{"href":"https:\/\/naturfreunde-bad-emstal.de\/index.php?rest_route=%2Fwp%2Fv2%2Fmedia&parent=16482"}],"wp:term":[{"taxonomy":"category","embeddable":true,"href":"https:\/\/naturfreunde-bad-emstal.de\/index.php?rest_route=%2Fwp%2Fv2%2Fcategories&post=16482"},{"taxonomy":"post_tag","embeddable":true,"href":"https:\/\/naturfreunde-bad-emstal.de\/index.php?rest_route=%2Fwp%2Fv2%2Ftags&post=16482"}],"curies":[{"name":"wp","href":"https:\/\/api.w.org\/{rel}","templated":true}]}}