{"id":16532,"date":"2022-01-24T16:44:03","date_gmt":"2022-01-24T16:44:03","guid":{"rendered":"https:\/\/naturfreunde-bad-emstal.de\/?p=16532"},"modified":"2022-01-24T16:52:10","modified_gmt":"2022-01-24T16:52:10","slug":"baeume-im-winter-auftaktveranstaltung-des-umweltlabors","status":"publish","type":"post","link":"https:\/\/naturfreunde-bad-emstal.de\/?p=16532","title":{"rendered":"B\u00e4ume im Winter &#8211; Auftaktveranstaltung des Umweltlabors"},"content":{"rendered":"\n<p>Mit einem Workshop \u201eGeheimnisse der B\u00e4ume im Winter\u201c startete am Sonntag den 16. Januar 2022 das Umweltlabor seine Aktivit\u00e4ten. Tom Gurtmann lud ein,\u00a0 kennenzulernen, wie man in der Winterzeit B\u00e4ume auch ohne Bl\u00e4tter identifizieren kann.<\/p>\n\n\n\n<p>Dazu wurden im Umfeld des Naturfreundehauses kleine \u00c4ste und Zweige gesammelt und dabei&nbsp; die Wuchsform von B\u00e4umen beachtet, \u00fcber die schon mancher Baum bestimmt werden kann. Au\u00dferdem konnte was Interessantes festgestellt werden: manche Baumst\u00e4mme sind warm und andere.<\/p>\n\n\n\n<p>Nach der Sammelaktion wurden am&nbsp; Umweltlabor die verschiedenen Objekte begutachtet: die Rinde der Zweige und besonders die Knospen: Art der Knospen, die schon im Fr\u00fchjahr angelegt werden, Stand der Knospen an den Zweigen, charakteristischer Geschmack. \u00dcber diesen Weg konnten \u00fcber 20 Baumarten im weiteren Bereich des Naturfreundehauses klassifiziert werden. Auch das Alter der B\u00e4ume bzw. die Vegetationsperioden lassen sich mit Hilfe der Wachstumszonen&nbsp; bestimmen.<\/p>\n\n\n\n<p>Ganz interessant war die Begutachtung der Knospen mit&nbsp; Hilfe von Binocularen, in denen sie wie kleine Kunstwerke erscheinen.<\/p>\n\n\n\n<p>Diese Veranstaltung war die Premiere des Umweltlabors, im Laufe des Jahres werden weitere Aktionen angeboten, zu denen Mitglieder und Interessierte herzlich eingeladen werden. Themen und Termine werden \u00fcber die Homepage und die Presse bekannt gegeben.<\/p>\n\n\n\n<figure class=\"wp-block-image size-large\"><img loading=\"lazy\" decoding=\"async\" width=\"1024\" height=\"1024\" src=\"https:\/\/naturfreunde-bad-emstal.de\/wp-content\/uploads\/2022\/01\/Baeumeworkshop-1024x1024.jpg\" alt=\"\" class=\"wp-image-16529\" srcset=\"https:\/\/naturfreunde-bad-emstal.de\/wp-content\/uploads\/2022\/01\/Baeumeworkshop-1024x1024.jpg 1024w, https:\/\/naturfreunde-bad-emstal.de\/wp-content\/uploads\/2022\/01\/Baeumeworkshop-300x300.jpg 300w, https:\/\/naturfreunde-bad-emstal.de\/wp-content\/uploads\/2022\/01\/Baeumeworkshop-768x768.jpg 768w, https:\/\/naturfreunde-bad-emstal.de\/wp-content\/uploads\/2022\/01\/Baeumeworkshop-1536x1536.jpg 1536w, https:\/\/naturfreunde-bad-emstal.de\/wp-content\/uploads\/2022\/01\/Baeumeworkshop-2048x2048.jpg 2048w, https:\/\/naturfreunde-bad-emstal.de\/wp-content\/uploads\/2022\/01\/Baeumeworkshop-400x400.jpg 400w\" sizes=\"auto, (max-width: 1024px) 100vw, 1024px\" \/><\/figure>\n\n\n\n<figure class=\"wp-block-image size-large\"><img loading=\"lazy\" decoding=\"async\" width=\"1024\" height=\"1024\" src=\"https:\/\/naturfreunde-bad-emstal.de\/wp-content\/uploads\/2022\/01\/Baeumeworkshop-2-1024x1024.jpg\" alt=\"\" class=\"wp-image-16528\" srcset=\"https:\/\/naturfreunde-bad-emstal.de\/wp-content\/uploads\/2022\/01\/Baeumeworkshop-2-1024x1024.jpg 1024w, https:\/\/naturfreunde-bad-emstal.de\/wp-content\/uploads\/2022\/01\/Baeumeworkshop-2-300x300.jpg 300w, https:\/\/naturfreunde-bad-emstal.de\/wp-content\/uploads\/2022\/01\/Baeumeworkshop-2-768x768.jpg 768w, https:\/\/naturfreunde-bad-emstal.de\/wp-content\/uploads\/2022\/01\/Baeumeworkshop-2-1536x1536.jpg 1536w, https:\/\/naturfreunde-bad-emstal.de\/wp-content\/uploads\/2022\/01\/Baeumeworkshop-2-2048x2048.jpg 2048w, https:\/\/naturfreunde-bad-emstal.de\/wp-content\/uploads\/2022\/01\/Baeumeworkshop-2-400x400.jpg 400w\" sizes=\"auto, (max-width: 1024px) 100vw, 1024px\" \/><\/figure>\n\n\n\n<p><a href=\"https:\/\/naturfreunde-bad-emstal.de\/wp-content\/uploads\/2022\/01\/Riechen-Schmecken-Fuehlen.pdf\">Bericht in der H<\/a><a href=\"https:\/\/naturfreunde-bad-emstal.de\/wp-content\/uploads\/2022\/01\/Riechen-Schmecken-Fuehlen.pdf\" target=\"_blank\" rel=\"noreferrer noopener\">NA \u00fcber diesen Workshop<\/a><\/p>\n","protected":false},"excerpt":{"rendered":"<p>Mit einem Workshop \u201eGeheimnisse der B\u00e4ume im Winter\u201c startete am Sonntag den 16. Januar 2022 das Umweltlabor seine Aktivit\u00e4ten. Tom Gurtmann lud ein,\u00a0 kennenzulernen, wie man in der Winterzeit B\u00e4ume auch ohne Bl\u00e4tter identifizieren kann. Dazu wurden im Umfeld des Naturfreundehauses kleine \u00c4ste und Zweige gesammelt und dabei&nbsp; die Wuchsform von B\u00e4umen beachtet, \u00fcber die&#8230; <\/p>\n<div class=\"clear\"><\/div>\n<p><a href=\"https:\/\/naturfreunde-bad-emstal.de\/?p=16532\" class=\"excerpt-read-more\">Read More<\/a><\/p>\n","protected":false},"author":8,"featured_media":16530,"comment_status":"open","ping_status":"open","sticky":false,"template":"","format":"standard","meta":{"ngg_post_thumbnail":0,"footnotes":""},"categories":[63,51,86],"tags":[],"class_list":["post-16532","post","type-post","status-publish","format-standard","has-post-thumbnail","hentry","category-archiv","category-news","category-umweltlabor"],"_links":{"self":[{"href":"https:\/\/naturfreunde-bad-emstal.de\/index.php?rest_route=\/wp\/v2\/posts\/16532","targetHints":{"allow":["GET"]}}],"collection":[{"href":"https:\/\/naturfreunde-bad-emstal.de\/index.php?rest_route=\/wp\/v2\/posts"}],"about":[{"href":"https:\/\/naturfreunde-bad-emstal.de\/index.php?rest_route=\/wp\/v2\/types\/post"}],"author":[{"embeddable":true,"href":"https:\/\/naturfreunde-bad-emstal.de\/index.php?rest_route=\/wp\/v2\/users\/8"}],"replies":[{"embeddable":true,"href":"https:\/\/naturfreunde-bad-emstal.de\/index.php?rest_route=%2Fwp%2Fv2%2Fcomments&post=16532"}],"version-history":[{"count":6,"href":"https:\/\/naturfreunde-bad-emstal.de\/index.php?rest_route=\/wp\/v2\/posts\/16532\/revisions"}],"predecessor-version":[{"id":16539,"href":"https:\/\/naturfreunde-bad-emstal.de\/index.php?rest_route=\/wp\/v2\/posts\/16532\/revisions\/16539"}],"wp:featuredmedia":[{"embeddable":true,"href":"https:\/\/naturfreunde-bad-emstal.de\/index.php?rest_route=\/wp\/v2\/media\/16530"}],"wp:attachment":[{"href":"https:\/\/naturfreunde-bad-emstal.de\/index.php?rest_route=%2Fwp%2Fv2%2Fmedia&parent=16532"}],"wp:term":[{"taxonomy":"category","embeddable":true,"href":"https:\/\/naturfreunde-bad-emstal.de\/index.php?rest_route=%2Fwp%2Fv2%2Fcategories&post=16532"},{"taxonomy":"post_tag","embeddable":true,"href":"https:\/\/naturfreunde-bad-emstal.de\/index.php?rest_route=%2Fwp%2Fv2%2Ftags&post=16532"}],"curies":[{"name":"wp","href":"https:\/\/api.w.org\/{rel}","templated":true}]}}