{"id":16587,"date":"2022-01-30T16:31:04","date_gmt":"2022-01-30T16:31:04","guid":{"rendered":"https:\/\/naturfreunde-bad-emstal.de\/?p=16587"},"modified":"2022-01-30T16:40:14","modified_gmt":"2022-01-30T16:40:14","slug":"wanderung-fuer-fortgeschrittene-am-23-januar-auf-dem-habichtswaldsteig","status":"publish","type":"post","link":"https:\/\/naturfreunde-bad-emstal.de\/?p=16587","title":{"rendered":"Wanderung f\u00fcr Fortgeschrittene am 23. Januar auf dem Habichtswaldsteig"},"content":{"rendered":"\n<p>10 Wanderer trafen sich auf dem Dach des Habichtswaldes zu einer Wanderung auf dem Habichtswaldsteig \u2013 Extratour 3. Start und Treffpunkt war am Parkplatz Loipenhaus. Dort befindet sich auch eine Bushaltestelle, so dass unsere Kasseler G\u00e4ste bequem mit \u00f6ffentlichen Verkehrsmitten anreisen konnten.&nbsp; Achtung! diese Haltestelle wird auf dem R\u00fcckweg in Richtung Kassel nicht angefahren. Die n\u00e4chste Haltestelle f\u00fcr beide Richtungen befindet sich in ca. 500m Entfernung am Ehlener Kreuz.<\/p>\n\n\n\n<figure class=\"wp-block-image size-full\"><img loading=\"lazy\" decoding=\"async\" width=\"768\" height=\"1024\" src=\"https:\/\/naturfreunde-bad-emstal.de\/wp-content\/uploads\/2022\/01\/signal-2022-01-23-220242_001.jpeg\" alt=\"\" class=\"wp-image-16547\" srcset=\"https:\/\/naturfreunde-bad-emstal.de\/wp-content\/uploads\/2022\/01\/signal-2022-01-23-220242_001.jpeg 768w, https:\/\/naturfreunde-bad-emstal.de\/wp-content\/uploads\/2022\/01\/signal-2022-01-23-220242_001-225x300.jpeg 225w\" sizes=\"auto, (max-width: 768px) 100vw, 768px\" \/><figcaption>Wegen der feuchten Witterung der letzten Tage und der f\u00fcr die Jahreszeit zu milden Themperaturen waren die Wege aufgeweicht.<\/figcaption><\/figure>\n\n\n\n<p>Weitere <a rel=\"noreferrer noopener\" href=\"https:\/\/naturfreunde-bad-emstal.de\/index.php\/nggallery\/wandern\/wanderung-auf-dem-dach-des-habichtswaldes?page_id=13188\" target=\"_blank\">Bilder unserer Tour<\/a><\/p>\n\n\n\n<p><a rel=\"noreferrer noopener\" href=\"https:\/\/www.komoot.de\/tour\/648057282\" target=\"_blank\">Unsere Tourenbeschreibung auf Komoot<\/a><\/p>\n\n\n\n<p><a rel=\"noreferrer noopener\" href=\"https:\/\/www.naturpark-habichtswald.de\/media\/touren\/habichtswaldsteig-extratour-h3-im-glanz-des-herkules#\/article\/9ed8644a-39cd-4347-93a2-94b4a7743dd0\" target=\"_blank\">Die original Tourenbeschreibung des Naturpark Habichtswald<\/a><\/p>\n","protected":false},"excerpt":{"rendered":"<p>10 Wanderer trafen sich auf dem Dach des Habichtswaldes zu einer Wanderung auf dem Habichtswaldsteig \u2013 Extratour 3. Start und Treffpunkt war am Parkplatz Loipenhaus. Dort befindet sich auch eine Bushaltestelle, so dass unsere Kasseler G\u00e4ste bequem mit \u00f6ffentlichen Verkehrsmitten anreisen konnten.&nbsp; Achtung! diese Haltestelle wird auf dem R\u00fcckweg in Richtung Kassel nicht angefahren. Die&#8230; <\/p>\n<div class=\"clear\"><\/div>\n<p><a href=\"https:\/\/naturfreunde-bad-emstal.de\/?p=16587\" class=\"excerpt-read-more\">Read More<\/a><\/p>\n","protected":false},"author":4,"featured_media":16550,"comment_status":"open","ping_status":"open","sticky":false,"template":"","format":"standard","meta":{"ngg_post_thumbnail":0,"footnotes":""},"categories":[63,51,74],"tags":[],"class_list":["post-16587","post","type-post","status-publish","format-standard","has-post-thumbnail","hentry","category-archiv","category-news","category-wandern"],"_links":{"self":[{"href":"https:\/\/naturfreunde-bad-emstal.de\/index.php?rest_route=\/wp\/v2\/posts\/16587","targetHints":{"allow":["GET"]}}],"collection":[{"href":"https:\/\/naturfreunde-bad-emstal.de\/index.php?rest_route=\/wp\/v2\/posts"}],"about":[{"href":"https:\/\/naturfreunde-bad-emstal.de\/index.php?rest_route=\/wp\/v2\/types\/post"}],"author":[{"embeddable":true,"href":"https:\/\/naturfreunde-bad-emstal.de\/index.php?rest_route=\/wp\/v2\/users\/4"}],"replies":[{"embeddable":true,"href":"https:\/\/naturfreunde-bad-emstal.de\/index.php?rest_route=%2Fwp%2Fv2%2Fcomments&post=16587"}],"version-history":[{"count":4,"href":"https:\/\/naturfreunde-bad-emstal.de\/index.php?rest_route=\/wp\/v2\/posts\/16587\/revisions"}],"predecessor-version":[{"id":16591,"href":"https:\/\/naturfreunde-bad-emstal.de\/index.php?rest_route=\/wp\/v2\/posts\/16587\/revisions\/16591"}],"wp:featuredmedia":[{"embeddable":true,"href":"https:\/\/naturfreunde-bad-emstal.de\/index.php?rest_route=\/wp\/v2\/media\/16550"}],"wp:attachment":[{"href":"https:\/\/naturfreunde-bad-emstal.de\/index.php?rest_route=%2Fwp%2Fv2%2Fmedia&parent=16587"}],"wp:term":[{"taxonomy":"category","embeddable":true,"href":"https:\/\/naturfreunde-bad-emstal.de\/index.php?rest_route=%2Fwp%2Fv2%2Fcategories&post=16587"},{"taxonomy":"post_tag","embeddable":true,"href":"https:\/\/naturfreunde-bad-emstal.de\/index.php?rest_route=%2Fwp%2Fv2%2Ftags&post=16587"}],"curies":[{"name":"wp","href":"https:\/\/api.w.org\/{rel}","templated":true}]}}