{"id":16671,"date":"2022-03-02T14:24:33","date_gmt":"2022-03-02T14:24:33","guid":{"rendered":"https:\/\/naturfreunde-bad-emstal.de\/?p=16671"},"modified":"2022-03-02T14:27:10","modified_gmt":"2022-03-02T14:27:10","slug":"die-naturfreunde-spenden-fuer-fluechtlinge-aus-der-ukraine","status":"publish","type":"post","link":"https:\/\/naturfreunde-bad-emstal.de\/?p=16671","title":{"rendered":"Die NaturFreunde spenden f\u00fcr Fl\u00fcchtlinge aus der Ukraine"},"content":{"rendered":"\n<p>Auch die Naturfreunde in Bad Emstal sind tief betroffen von den Zust\u00e4nden in der Ukraine und dem Schicksal der Fl\u00fcchtlinge in den Grenzstaaten.<br>So war es \u00fcberhaupt keine Frage, spontan Hilfe zu leisten mit einer Spende \u00fcber 500 \u20ac an die Aktion von G\u00fcnter R\u00fcddenklau und Ottmar Rudert, die einen Transport mit Lebensmitteln nach Rum\u00e4nien organisiert haben.<br>\u201eWir sehen es als unsere Aufgabe, den notleidenden, freiheitsliebenden und demokratisch handelnden Menschen, die sich nun auf der Flucht vor den Kriegsgeschehen befinden, zu helfen. Deshalb spenden wir als Verein und haben auch unsere Mitglieder aufgerufen, die Aktion mit einer privaten Spende zu unterst\u00fctzen\u201c&nbsp; so der 1. Vorsitzende Gerhard Raabe der Naturfreunde.<\/p>\n\n\n\n<p>Wer ebenfalls spenden m\u00f6chte, gibt es folgende Kontodaten:<\/p>\n\n\n\n<p>DE13 5206 0410 0002 0001 05&nbsp;&nbsp;&nbsp;&nbsp;&nbsp;&nbsp;&nbsp;&nbsp;&nbsp;&nbsp;&nbsp;&nbsp;&nbsp;&nbsp;&nbsp;&nbsp;&nbsp;&nbsp;&nbsp;&nbsp;&nbsp;&nbsp;&nbsp;&nbsp;&nbsp;&nbsp;&nbsp;&nbsp;&nbsp;&nbsp;&nbsp;&nbsp;&nbsp;&nbsp;&nbsp;&nbsp;&nbsp;&nbsp;&nbsp;&nbsp;&nbsp;&nbsp;&nbsp;&nbsp;&nbsp;&nbsp;&nbsp;&nbsp;&nbsp;&nbsp;&nbsp;&nbsp;&nbsp;&nbsp;&nbsp;&nbsp;&nbsp;&nbsp;&nbsp;&nbsp;&nbsp;&nbsp;&nbsp;&nbsp; &nbsp;&nbsp;&nbsp;&nbsp;&nbsp;&nbsp;&nbsp;&nbsp;&nbsp;&nbsp;&nbsp;&nbsp;&nbsp;&nbsp;&nbsp;&nbsp;&nbsp;&nbsp;&nbsp;&nbsp;&nbsp;<br>Kirchenkreis Hofgeismar, Wolfhagen&nbsp;&nbsp;&nbsp;&nbsp;&nbsp;&nbsp;&nbsp;&nbsp;&nbsp;&nbsp;&nbsp;&nbsp;&nbsp;&nbsp;&nbsp;&nbsp;&nbsp;&nbsp;&nbsp;&nbsp;&nbsp;&nbsp;&nbsp;&nbsp;&nbsp;&nbsp;&nbsp;&nbsp;&nbsp;&nbsp;&nbsp;&nbsp;&nbsp;&nbsp;&nbsp; &nbsp;&nbsp;&nbsp;&nbsp;&nbsp;&nbsp;&nbsp;&nbsp;&nbsp;&nbsp;&nbsp;&nbsp;&nbsp;&nbsp;&nbsp;&nbsp;&nbsp;&nbsp;&nbsp;&nbsp;&nbsp;&nbsp;&nbsp;&nbsp;<br>&nbsp;Stichwort: Lebensmittelspende f\u00fcr die Ukrainefl\u00fcchtlinge.<\/p>\n\n\n\n<p>Es gibt daf\u00fcr auch eine Spendenquittung<\/p>\n","protected":false},"excerpt":{"rendered":"<p>Auch die Naturfreunde in Bad Emstal sind tief betroffen von den Zust\u00e4nden in der Ukraine und dem Schicksal der Fl\u00fcchtlinge in den Grenzstaaten.So war es \u00fcberhaupt keine Frage, spontan Hilfe zu leisten mit einer Spende \u00fcber 500 \u20ac an die Aktion von G\u00fcnter R\u00fcddenklau und Ottmar Rudert, die einen Transport mit Lebensmitteln nach Rum\u00e4nien organisiert&#8230; <\/p>\n<div class=\"clear\"><\/div>\n<p><a href=\"https:\/\/naturfreunde-bad-emstal.de\/?p=16671\" class=\"excerpt-read-more\">Read More<\/a><\/p>\n","protected":false},"author":8,"featured_media":6695,"comment_status":"open","ping_status":"open","sticky":false,"template":"","format":"standard","meta":{"ngg_post_thumbnail":0,"footnotes":""},"categories":[63,51],"tags":[],"class_list":["post-16671","post","type-post","status-publish","format-standard","has-post-thumbnail","hentry","category-archiv","category-news"],"_links":{"self":[{"href":"https:\/\/naturfreunde-bad-emstal.de\/index.php?rest_route=\/wp\/v2\/posts\/16671","targetHints":{"allow":["GET"]}}],"collection":[{"href":"https:\/\/naturfreunde-bad-emstal.de\/index.php?rest_route=\/wp\/v2\/posts"}],"about":[{"href":"https:\/\/naturfreunde-bad-emstal.de\/index.php?rest_route=\/wp\/v2\/types\/post"}],"author":[{"embeddable":true,"href":"https:\/\/naturfreunde-bad-emstal.de\/index.php?rest_route=\/wp\/v2\/users\/8"}],"replies":[{"embeddable":true,"href":"https:\/\/naturfreunde-bad-emstal.de\/index.php?rest_route=%2Fwp%2Fv2%2Fcomments&post=16671"}],"version-history":[{"count":3,"href":"https:\/\/naturfreunde-bad-emstal.de\/index.php?rest_route=\/wp\/v2\/posts\/16671\/revisions"}],"predecessor-version":[{"id":16675,"href":"https:\/\/naturfreunde-bad-emstal.de\/index.php?rest_route=\/wp\/v2\/posts\/16671\/revisions\/16675"}],"wp:featuredmedia":[{"embeddable":true,"href":"https:\/\/naturfreunde-bad-emstal.de\/index.php?rest_route=\/wp\/v2\/media\/6695"}],"wp:attachment":[{"href":"https:\/\/naturfreunde-bad-emstal.de\/index.php?rest_route=%2Fwp%2Fv2%2Fmedia&parent=16671"}],"wp:term":[{"taxonomy":"category","embeddable":true,"href":"https:\/\/naturfreunde-bad-emstal.de\/index.php?rest_route=%2Fwp%2Fv2%2Fcategories&post=16671"},{"taxonomy":"post_tag","embeddable":true,"href":"https:\/\/naturfreunde-bad-emstal.de\/index.php?rest_route=%2Fwp%2Fv2%2Ftags&post=16671"}],"curies":[{"name":"wp","href":"https:\/\/api.w.org\/{rel}","templated":true}]}}