{"id":16678,"date":"2022-03-23T09:04:29","date_gmt":"2022-03-23T09:04:29","guid":{"rendered":"https:\/\/naturfreunde-bad-emstal.de\/?p=16678"},"modified":"2022-03-23T09:06:07","modified_gmt":"2022-03-23T09:06:07","slug":"der-geplante-arbeitseinsatz-kommenden-samstag-faellt-aus","status":"publish","type":"post","link":"https:\/\/naturfreunde-bad-emstal.de\/?p=16678","title":{"rendered":"Der geplante Arbeitseinsatz kommenden Samstag f\u00e4llt aus"},"content":{"rendered":"\n<p>Nachdem, an dem kurzfristig einberufene Arbeitseinsatz vergangenen Samstag, viele Helfer teilnahmen, konnte vieles erledigt werden. Insgesamt 13 Personen waren innen und au\u00dferhalb unseres Naturfreundehauses flei\u00dfig. Inzwischen sind wir wieder im Zeitplan, so dass wir am kommenden Wochenende wieder G\u00e4ste empfangen k\u00f6nnen. Danach haben wir noch ca. 14 Tage Zeit, um die Restarbeiten im Saal zu erledigen. Leider wurde beim letzten Sturm das Dach unseres Bauwagens stark besch\u00e4digt. Damit es nicht rein regnet und der Bauwagen dadurch weiteren Schaden nimmt, haben wir ihn provisorisch mit einer Plane abdecken m\u00fcssen. Wenn sich freiwillige Helfer finden, werden wir, zusammen mit den Kindern, das Dach wieder erneuern.<\/p>\n\n\n\n<figure class=\"wp-block-image size-large\"><img loading=\"lazy\" decoding=\"async\" width=\"1024\" height=\"768\" src=\"https:\/\/naturfreunde-bad-emstal.de\/wp-content\/uploads\/2022\/03\/20220319_115544-1024x768.jpg\" alt=\"\" class=\"wp-image-16679\" srcset=\"https:\/\/naturfreunde-bad-emstal.de\/wp-content\/uploads\/2022\/03\/20220319_115544-1024x768.jpg 1024w, https:\/\/naturfreunde-bad-emstal.de\/wp-content\/uploads\/2022\/03\/20220319_115544-300x225.jpg 300w, https:\/\/naturfreunde-bad-emstal.de\/wp-content\/uploads\/2022\/03\/20220319_115544-768x576.jpg 768w, https:\/\/naturfreunde-bad-emstal.de\/wp-content\/uploads\/2022\/03\/20220319_115544-1536x1152.jpg 1536w, https:\/\/naturfreunde-bad-emstal.de\/wp-content\/uploads\/2022\/03\/20220319_115544-2048x1536.jpg 2048w, https:\/\/naturfreunde-bad-emstal.de\/wp-content\/uploads\/2022\/03\/20220319_115544-400x300.jpg 400w\" sizes=\"auto, (max-width: 1024px) 100vw, 1024px\" \/><\/figure>\n\n\n\n<p><\/p>\n\n\n\n<p><\/p>\n\n\n\n<p><\/p>\n","protected":false},"excerpt":{"rendered":"<p>Nachdem, an dem kurzfristig einberufene Arbeitseinsatz vergangenen Samstag, viele Helfer teilnahmen, konnte vieles erledigt werden. Insgesamt 13 Personen waren innen und au\u00dferhalb unseres Naturfreundehauses flei\u00dfig. Inzwischen sind wir wieder im Zeitplan, so dass wir am kommenden Wochenende wieder G\u00e4ste empfangen k\u00f6nnen. Danach haben wir noch ca. 14 Tage Zeit, um die Restarbeiten im Saal zu&#8230; <\/p>\n<div class=\"clear\"><\/div>\n<p><a href=\"https:\/\/naturfreunde-bad-emstal.de\/?p=16678\" class=\"excerpt-read-more\">Read More<\/a><\/p>\n","protected":false},"author":4,"featured_media":16679,"comment_status":"open","ping_status":"open","sticky":false,"template":"","format":"standard","meta":{"ngg_post_thumbnail":0,"footnotes":""},"categories":[63,51],"tags":[],"class_list":["post-16678","post","type-post","status-publish","format-standard","has-post-thumbnail","hentry","category-archiv","category-news"],"_links":{"self":[{"href":"https:\/\/naturfreunde-bad-emstal.de\/index.php?rest_route=\/wp\/v2\/posts\/16678","targetHints":{"allow":["GET"]}}],"collection":[{"href":"https:\/\/naturfreunde-bad-emstal.de\/index.php?rest_route=\/wp\/v2\/posts"}],"about":[{"href":"https:\/\/naturfreunde-bad-emstal.de\/index.php?rest_route=\/wp\/v2\/types\/post"}],"author":[{"embeddable":true,"href":"https:\/\/naturfreunde-bad-emstal.de\/index.php?rest_route=\/wp\/v2\/users\/4"}],"replies":[{"embeddable":true,"href":"https:\/\/naturfreunde-bad-emstal.de\/index.php?rest_route=%2Fwp%2Fv2%2Fcomments&post=16678"}],"version-history":[{"count":3,"href":"https:\/\/naturfreunde-bad-emstal.de\/index.php?rest_route=\/wp\/v2\/posts\/16678\/revisions"}],"predecessor-version":[{"id":16682,"href":"https:\/\/naturfreunde-bad-emstal.de\/index.php?rest_route=\/wp\/v2\/posts\/16678\/revisions\/16682"}],"wp:featuredmedia":[{"embeddable":true,"href":"https:\/\/naturfreunde-bad-emstal.de\/index.php?rest_route=\/wp\/v2\/media\/16679"}],"wp:attachment":[{"href":"https:\/\/naturfreunde-bad-emstal.de\/index.php?rest_route=%2Fwp%2Fv2%2Fmedia&parent=16678"}],"wp:term":[{"taxonomy":"category","embeddable":true,"href":"https:\/\/naturfreunde-bad-emstal.de\/index.php?rest_route=%2Fwp%2Fv2%2Fcategories&post=16678"},{"taxonomy":"post_tag","embeddable":true,"href":"https:\/\/naturfreunde-bad-emstal.de\/index.php?rest_route=%2Fwp%2Fv2%2Ftags&post=16678"}],"curies":[{"name":"wp","href":"https:\/\/api.w.org\/{rel}","templated":true}]}}