{"id":16720,"date":"2022-04-17T15:54:31","date_gmt":"2022-04-17T15:54:31","guid":{"rendered":"https:\/\/naturfreunde-bad-emstal.de\/?p=16720"},"modified":"2022-04-19T10:46:27","modified_gmt":"2022-04-19T10:46:27","slug":"friedeninitiative-der-naturfreunde-bad-emstal-vor-40-jahren","status":"publish","type":"post","link":"https:\/\/naturfreunde-bad-emstal.de\/?p=16720","title":{"rendered":"Friedeninitiative der Naturfreunde Bad Emstal vor 40 Jahren"},"content":{"rendered":"\n<p>In 1981 fanden sich mehrere Emstaler Alt- und Neu-B\u00fcrger:innen zusammen, um Aktivit\u00e4ten gegen den damaligen \u201eNATO-Doppelbeschluss\u201c zu planen und auszuf\u00fchren.<\/p>\n\n\n\n<p>Der Naturfreundevorstand Berthold Schmidt, Klaus Schaub, Achim Bax, Heinz Kl\u00fcppel und andere stellten den Tagungsraum im NF-Haus zum Treffen zur Verf\u00fcgung, um eine Friedensinitiative gegen den Nato-Doppelbeschluss in Emstal zu gr\u00fcnden. Einige der Friedensaktivisten waren schon Mitglieder der Naturfreunde, die anderen sind Mitglieder geworden, so entstand eine Untergruppe bei den Emstaler Naturfreunden,<\/p>\n\n\n\n<p>Als erste Aktionen wurden Fahrten zu den gro\u00dfen Friedens-Demonstrationen 1981 und 1982 im Bonner Hofgarten organisiert.<\/p>\n\n\n\n<p>Eine politische Aktion in der Gemeinde Emstal war die Diskussion um die Erkl\u00e4rung von Emstal zur \u201eAtomwaffenfreie Zone\u201c. In der Gemeindevertretung wurde 1984 ein SPD-Antrag angenommen, dass die Gemeinde keinerlei Pr\u00e4senz von Atomwaffen auf dem Gebiet der Gemeinde unterst\u00fctzt. Die Diskussion wurde in Laufe der Jahre dahingehend gef\u00fchrt, dies auch durch Schilder mit der Aufschrift \u201eAtomwaffenfreie Zone\u201c an den Ortseing\u00e4ngen zu dokumentieren. Es wurde ein Treffen mit Gemeindevertretern, Gemeindevorstandsmitgliedern und dem B\u00fcrgermeister in dem kleinen Saal des Thermalbads organisiert. Es waren ca. 10 Personen der gemeindlichen Gremien und ca. 8 Mitglieder der Friedensinitiative der Naturfreunde anwesend, die \u00fcber die Aufstellung der Schilder diskutierten. Die Gemeindevertretung von (nun) Bad Emstal beschloss in ihrer Sitzung im Juli 1990 dies auf Antrag der SPD.<\/p>\n\n\n\n<p>Eine besondere Aktion war im Herbst 1989 die \u201eVertreibung\u201c von Panzern und Milit\u00e4rfahr\u00adzeugen aus Bad Emstal w\u00e4hrend des Herbstman\u00f6vers \u201eGolden Crown\u201c der NATO durch Mitglieder der Friedensinitiative der Naturfreunde. Ein Mitglied meldete am 14. September 1989 eine Demonstration an der Kreuzung Kasseler Stra\u00dfe\/Wolfhager Stra\u00dfe beim Ordnungsamt der Gemeinde an. Diese Veranstaltung richtete sich unter anderem gegen die Einbeziehung des Krankenhausgel\u00e4ndes in Merxhausen in das Man\u00f6vergeschehen. Die Patienten waren durch den Panzerl\u00e4rm sehr beunruhigt. Kurg\u00e4ste f\u00fchlten sich durch den L\u00e4rm im Kurgebiet bel\u00e4stigt und die Umwelt litt durch auslaufenden Treibstoff eines Panzers.<\/p>\n\n\n\n<p>Es kamen ca. 40 bis 50 B\u00fcrger:innen aus Bad Emstal zum Treffpunkt als 5 englische Panzer die Kreuzung \u00fcberqueren wollten. Diese wurden von den Aktivisten der Naturfreunde gestoppt und an der Weiterfahrt gehindert. Nach l\u00e4ngeren Diskussionen kehrten die Panzer um. Ebenso wurde ein belgischer Lastwagenkonvoi gestoppt und zur\u00fcckgeschickt.<\/p>\n\n\n\n<p>Diese Aktion f\u00fchrte dazu, dass sich herausstellte, dass die Nato-Karten keine Hinweise auf ein Sperr\u00adgebiete um die psychiatrische Klinik Merxhausen hatten. Am n\u00e4chsten Tag wurde Bad Emstal an allen Ortseing\u00e4ngen von belgischen Milit\u00e4rpolizisten bewacht, damit Bad Emstal in den weiteren Tagen vor Man\u00f6vermilit\u00e4r gesch\u00fctzt wurde. Auch in den folgenden Man\u00f6vern wurde Bad Emstal nicht mehr von milit\u00e4rischen Aktionen bel\u00e4stigt.<\/p>\n\n\n\n<p>Fast jedes Jahr nahmen Mitglieder der Naturfreunde an den Friedens-Osterm\u00e4rschen in Kassel teil. Die Naturfreunde waren h\u00e4ufig auch Mitorganisator dieser M\u00e4rsche.<\/p>\n\n\n\n<p>Am 15. Februar 2003 nahmen mehrere Naturfreunde an der Gro\u00dfdemonstration gegen den Irak-Kriegs der USA in Berlin teil, die mit vielen anderen Gro\u00dfdemonstrationen auf der Welt stattfand. In Berlin wurden weit \u00fcber einer halben Million Teilnehmer gez\u00e4hlt.<\/p>\n\n\n\n<figure class=\"wp-block-image size-large\"><img loading=\"lazy\" decoding=\"async\" width=\"1024\" height=\"375\" src=\"https:\/\/naturfreunde-bad-emstal.de\/wp-content\/uploads\/2022\/04\/Panzerstop-1024x375.jpg\" alt=\"\" class=\"wp-image-16728\" srcset=\"https:\/\/naturfreunde-bad-emstal.de\/wp-content\/uploads\/2022\/04\/Panzerstop-1024x375.jpg 1024w, https:\/\/naturfreunde-bad-emstal.de\/wp-content\/uploads\/2022\/04\/Panzerstop-300x110.jpg 300w, https:\/\/naturfreunde-bad-emstal.de\/wp-content\/uploads\/2022\/04\/Panzerstop-768x281.jpg 768w, https:\/\/naturfreunde-bad-emstal.de\/wp-content\/uploads\/2022\/04\/Panzerstop-1536x562.jpg 1536w, https:\/\/naturfreunde-bad-emstal.de\/wp-content\/uploads\/2022\/04\/Panzerstop.jpg 1618w\" sizes=\"auto, (max-width: 1024px) 100vw, 1024px\" \/><figcaption>1989 die \u201eVertreibung\u201c von Panzern und Milit\u00e4rfahr\u00adzeugen aus Bad Emstal w\u00e4hrend des Herbstman\u00f6vers \u201eGolden Crown\u201c der NATO durch Mitglieder der Friedensinitiative der Naturfreunde<\/figcaption><\/figure>\n\n\n\n<p><\/p>\n","protected":false},"excerpt":{"rendered":"<p>In 1981 fanden sich mehrere Emstaler Alt- und Neu-B\u00fcrger:innen zusammen, um Aktivit\u00e4ten gegen den damaligen \u201eNATO-Doppelbeschluss\u201c zu planen und auszuf\u00fchren. Der Naturfreundevorstand Berthold Schmidt, Klaus Schaub, Achim Bax, Heinz Kl\u00fcppel und andere stellten den Tagungsraum im NF-Haus zum Treffen zur Verf\u00fcgung, um eine Friedensinitiative gegen den Nato-Doppelbeschluss in Emstal zu gr\u00fcnden. Einige der Friedensaktivisten waren&#8230; <\/p>\n<div class=\"clear\"><\/div>\n<p><a href=\"https:\/\/naturfreunde-bad-emstal.de\/?p=16720\" class=\"excerpt-read-more\">Read More<\/a><\/p>\n","protected":false},"author":14,"featured_media":16728,"comment_status":"open","ping_status":"open","sticky":false,"template":"","format":"standard","meta":{"ngg_post_thumbnail":0,"footnotes":""},"categories":[63,51],"tags":[],"class_list":["post-16720","post","type-post","status-publish","format-standard","has-post-thumbnail","hentry","category-archiv","category-news"],"_links":{"self":[{"href":"https:\/\/naturfreunde-bad-emstal.de\/index.php?rest_route=\/wp\/v2\/posts\/16720","targetHints":{"allow":["GET"]}}],"collection":[{"href":"https:\/\/naturfreunde-bad-emstal.de\/index.php?rest_route=\/wp\/v2\/posts"}],"about":[{"href":"https:\/\/naturfreunde-bad-emstal.de\/index.php?rest_route=\/wp\/v2\/types\/post"}],"author":[{"embeddable":true,"href":"https:\/\/naturfreunde-bad-emstal.de\/index.php?rest_route=\/wp\/v2\/users\/14"}],"replies":[{"embeddable":true,"href":"https:\/\/naturfreunde-bad-emstal.de\/index.php?rest_route=%2Fwp%2Fv2%2Fcomments&post=16720"}],"version-history":[{"count":3,"href":"https:\/\/naturfreunde-bad-emstal.de\/index.php?rest_route=\/wp\/v2\/posts\/16720\/revisions"}],"predecessor-version":[{"id":16729,"href":"https:\/\/naturfreunde-bad-emstal.de\/index.php?rest_route=\/wp\/v2\/posts\/16720\/revisions\/16729"}],"wp:featuredmedia":[{"embeddable":true,"href":"https:\/\/naturfreunde-bad-emstal.de\/index.php?rest_route=\/wp\/v2\/media\/16728"}],"wp:attachment":[{"href":"https:\/\/naturfreunde-bad-emstal.de\/index.php?rest_route=%2Fwp%2Fv2%2Fmedia&parent=16720"}],"wp:term":[{"taxonomy":"category","embeddable":true,"href":"https:\/\/naturfreunde-bad-emstal.de\/index.php?rest_route=%2Fwp%2Fv2%2Fcategories&post=16720"},{"taxonomy":"post_tag","embeddable":true,"href":"https:\/\/naturfreunde-bad-emstal.de\/index.php?rest_route=%2Fwp%2Fv2%2Ftags&post=16720"}],"curies":[{"name":"wp","href":"https:\/\/api.w.org\/{rel}","templated":true}]}}