{"id":16788,"date":"2022-04-25T15:11:34","date_gmt":"2022-04-25T15:11:34","guid":{"rendered":"https:\/\/naturfreunde-bad-emstal.de\/?p=16788"},"modified":"2022-04-25T15:16:07","modified_gmt":"2022-04-25T15:16:07","slug":"ukrainische-gefluechtete-erobern-ruine-falkenstein","status":"publish","type":"post","link":"https:\/\/naturfreunde-bad-emstal.de\/?p=16788","title":{"rendered":"Ukrainische Gefl\u00fcchtete \u201eerobern\u201c Ruine Falkenstein"},"content":{"rendered":"\n<p>Am Sonntag luden die Naturfreunde Bad Emstal zur traditionellen Fr\u00fchjahrswanderung auf dem NaturaTrail \u201eWaldmeisterweg\u201c ein, auf der die Besonderheiten der verschiedenen Lebensr\u00e4ume anschaulich vorgestellt wurden.<\/p>\n\n\n\n<p>Neben der regul\u00e4ren Strecke war eine familienfreundliche Kurzstrecke im Angebot, zu der auch die in Bad Emstal aufgenommenen ukrainischen Gefl\u00fcchteten eingeladen wurden.&nbsp;<\/p>\n\n\n\n<p>25 ukrainische Fl\u00fcchtlinge, darunter 14 Kinder, fanden sich ein und konnten mit Unterst\u00fctzung der gemeindlichen B\u00fcrgerbusse zum Ausgangsparkplatz gefahren werden. Von dort aus startete eine beschauliche Wanderung mit kleinen Spielen und Blumensammelaktion zur Ruine Falkenstein, wo im Sonnenschein ein gem\u00fctliches Picknick stattfand. Die Kinder waren ausgiebig damit besch\u00e4ftigt die Burg und Umgebung zu erobern. Die sprachlichen Barrieren wurden mit Hilfe einer teilnehmenden Dolmetscherin \u00fcberwunden, die auch die Erkl\u00e4rungen zu den gesammelten Blumen den sehr interessierten Teilnehmern \u00fcbersetzte. Es war f\u00fcr alle eine willkommene Abwechslung, die mal f\u00fcr einige Stunden von den Alltagssorgen, vor allem bei den Gefl\u00fcchteten, ablenkte. Am Ende kam die Frage: wann findet die n\u00e4chste Wanderung statt? Demn\u00e4chst, versprochen!<\/p>\n\n\n\n<figure class=\"wp-block-image size-large\"><img loading=\"lazy\" decoding=\"async\" width=\"1024\" height=\"461\" src=\"https:\/\/naturfreunde-bad-emstal.de\/wp-content\/uploads\/2022\/04\/IMG-20220424-WA0002-1024x461.jpg\" alt=\"\" class=\"wp-image-16787\" srcset=\"https:\/\/naturfreunde-bad-emstal.de\/wp-content\/uploads\/2022\/04\/IMG-20220424-WA0002-1024x461.jpg 1024w, https:\/\/naturfreunde-bad-emstal.de\/wp-content\/uploads\/2022\/04\/IMG-20220424-WA0002-300x135.jpg 300w, https:\/\/naturfreunde-bad-emstal.de\/wp-content\/uploads\/2022\/04\/IMG-20220424-WA0002-768x346.jpg 768w, https:\/\/naturfreunde-bad-emstal.de\/wp-content\/uploads\/2022\/04\/IMG-20220424-WA0002-1536x692.jpg 1536w, https:\/\/naturfreunde-bad-emstal.de\/wp-content\/uploads\/2022\/04\/IMG-20220424-WA0002.jpg 2016w\" sizes=\"auto, (max-width: 1024px) 100vw, 1024px\" \/><figcaption>Ukrainische Fl\u00fcchtlingsfamilien, Mitglieder der Naturfreunde Bad Emstal und Teilnehmer des Fl\u00fcchtlingsunterst\u00fctzerkreises Bad Emstal verbrachten einen abwechslungsreichen Tag in der Natur mit dem Ziel der Ruine Falkenstein<\/figcaption><\/figure>\n\n\n\n<figure class=\"wp-block-image size-large\"><img loading=\"lazy\" decoding=\"async\" width=\"1024\" height=\"576\" src=\"https:\/\/naturfreunde-bad-emstal.de\/wp-content\/uploads\/2022\/04\/Falkenstein-Ukrainer1-1024x576.jpg\" alt=\"\" class=\"wp-image-16784\" srcset=\"https:\/\/naturfreunde-bad-emstal.de\/wp-content\/uploads\/2022\/04\/Falkenstein-Ukrainer1-1024x576.jpg 1024w, https:\/\/naturfreunde-bad-emstal.de\/wp-content\/uploads\/2022\/04\/Falkenstein-Ukrainer1-300x169.jpg 300w, https:\/\/naturfreunde-bad-emstal.de\/wp-content\/uploads\/2022\/04\/Falkenstein-Ukrainer1-768x432.jpg 768w, https:\/\/naturfreunde-bad-emstal.de\/wp-content\/uploads\/2022\/04\/Falkenstein-Ukrainer1.jpg 1280w\" sizes=\"auto, (max-width: 1024px) 100vw, 1024px\" \/><\/figure>\n\n\n\n<figure class=\"wp-block-image size-large\"><img loading=\"lazy\" decoding=\"async\" width=\"1024\" height=\"766\" src=\"https:\/\/naturfreunde-bad-emstal.de\/wp-content\/uploads\/2022\/04\/Falkenstein-Ukrainer3-1024x766.jpg\" alt=\"\" class=\"wp-image-16786\" srcset=\"https:\/\/naturfreunde-bad-emstal.de\/wp-content\/uploads\/2022\/04\/Falkenstein-Ukrainer3-1024x766.jpg 1024w, https:\/\/naturfreunde-bad-emstal.de\/wp-content\/uploads\/2022\/04\/Falkenstein-Ukrainer3-300x225.jpg 300w, https:\/\/naturfreunde-bad-emstal.de\/wp-content\/uploads\/2022\/04\/Falkenstein-Ukrainer3-768x575.jpg 768w, https:\/\/naturfreunde-bad-emstal.de\/wp-content\/uploads\/2022\/04\/Falkenstein-Ukrainer3-400x300.jpg 400w, https:\/\/naturfreunde-bad-emstal.de\/wp-content\/uploads\/2022\/04\/Falkenstein-Ukrainer3.jpg 1280w\" sizes=\"auto, (max-width: 1024px) 100vw, 1024px\" \/><\/figure>\n\n\n\n<figure class=\"wp-block-image size-large\"><img loading=\"lazy\" decoding=\"async\" width=\"461\" height=\"1024\" src=\"https:\/\/naturfreunde-bad-emstal.de\/wp-content\/uploads\/2022\/04\/Falkenstein-Ukrainer2-461x1024.jpg\" alt=\"\" class=\"wp-image-16785\" srcset=\"https:\/\/naturfreunde-bad-emstal.de\/wp-content\/uploads\/2022\/04\/Falkenstein-Ukrainer2-461x1024.jpg 461w, https:\/\/naturfreunde-bad-emstal.de\/wp-content\/uploads\/2022\/04\/Falkenstein-Ukrainer2-135x300.jpg 135w, https:\/\/naturfreunde-bad-emstal.de\/wp-content\/uploads\/2022\/04\/Falkenstein-Ukrainer2-768x1705.jpg 768w, https:\/\/naturfreunde-bad-emstal.de\/wp-content\/uploads\/2022\/04\/Falkenstein-Ukrainer2-692x1536.jpg 692w, https:\/\/naturfreunde-bad-emstal.de\/wp-content\/uploads\/2022\/04\/Falkenstein-Ukrainer2.jpg 908w\" sizes=\"auto, (max-width: 461px) 100vw, 461px\" \/><\/figure>\n","protected":false},"excerpt":{"rendered":"<p>Am Sonntag luden die Naturfreunde Bad Emstal zur traditionellen Fr\u00fchjahrswanderung auf dem NaturaTrail \u201eWaldmeisterweg\u201c ein, auf der die Besonderheiten der verschiedenen Lebensr\u00e4ume anschaulich vorgestellt wurden. Neben der regul\u00e4ren Strecke war eine familienfreundliche Kurzstrecke im Angebot, zu der auch die in Bad Emstal aufgenommenen ukrainischen Gefl\u00fcchteten eingeladen wurden.&nbsp; 25 ukrainische Fl\u00fcchtlinge, darunter 14 Kinder, fanden sich&#8230; <\/p>\n<div class=\"clear\"><\/div>\n<p><a href=\"https:\/\/naturfreunde-bad-emstal.de\/?p=16788\" class=\"excerpt-read-more\">Read More<\/a><\/p>\n","protected":false},"author":8,"featured_media":16787,"comment_status":"open","ping_status":"open","sticky":false,"template":"","format":"standard","meta":{"ngg_post_thumbnail":0,"footnotes":""},"categories":[63,51,74],"tags":[],"class_list":["post-16788","post","type-post","status-publish","format-standard","has-post-thumbnail","hentry","category-archiv","category-news","category-wandern"],"_links":{"self":[{"href":"https:\/\/naturfreunde-bad-emstal.de\/index.php?rest_route=\/wp\/v2\/posts\/16788","targetHints":{"allow":["GET"]}}],"collection":[{"href":"https:\/\/naturfreunde-bad-emstal.de\/index.php?rest_route=\/wp\/v2\/posts"}],"about":[{"href":"https:\/\/naturfreunde-bad-emstal.de\/index.php?rest_route=\/wp\/v2\/types\/post"}],"author":[{"embeddable":true,"href":"https:\/\/naturfreunde-bad-emstal.de\/index.php?rest_route=\/wp\/v2\/users\/8"}],"replies":[{"embeddable":true,"href":"https:\/\/naturfreunde-bad-emstal.de\/index.php?rest_route=%2Fwp%2Fv2%2Fcomments&post=16788"}],"version-history":[{"count":3,"href":"https:\/\/naturfreunde-bad-emstal.de\/index.php?rest_route=\/wp\/v2\/posts\/16788\/revisions"}],"predecessor-version":[{"id":16792,"href":"https:\/\/naturfreunde-bad-emstal.de\/index.php?rest_route=\/wp\/v2\/posts\/16788\/revisions\/16792"}],"wp:featuredmedia":[{"embeddable":true,"href":"https:\/\/naturfreunde-bad-emstal.de\/index.php?rest_route=\/wp\/v2\/media\/16787"}],"wp:attachment":[{"href":"https:\/\/naturfreunde-bad-emstal.de\/index.php?rest_route=%2Fwp%2Fv2%2Fmedia&parent=16788"}],"wp:term":[{"taxonomy":"category","embeddable":true,"href":"https:\/\/naturfreunde-bad-emstal.de\/index.php?rest_route=%2Fwp%2Fv2%2Fcategories&post=16788"},{"taxonomy":"post_tag","embeddable":true,"href":"https:\/\/naturfreunde-bad-emstal.de\/index.php?rest_route=%2Fwp%2Fv2%2Ftags&post=16788"}],"curies":[{"name":"wp","href":"https:\/\/api.w.org\/{rel}","templated":true}]}}