{"id":16799,"date":"2022-05-02T14:40:20","date_gmt":"2022-05-02T14:40:20","guid":{"rendered":"https:\/\/naturfreunde-bad-emstal.de\/?p=16799"},"modified":"2022-05-02T14:44:04","modified_gmt":"2022-05-02T14:44:04","slug":"wandergruppe-des-sportvereins-der-naturfreunde-hessen-zu-besuch-an-der-gedenkstaette-merxhausen-in-bad-emstal","status":"publish","type":"post","link":"https:\/\/naturfreunde-bad-emstal.de\/?p=16799","title":{"rendered":"Wandergruppe des Sportvereins der Naturfreunde Hessen zu Besuch an der Gedenkst\u00e4tte Merxhausen in Bad Emstal"},"content":{"rendered":"\n<p>Vergangene Woche war eine Gruppe Wanderer aus Mittel- und S\u00fcdhessen vom Sportverein der Naturfreunde Hessen auf dem Habichtswaldstieg unterwegs. Sie erwanderten dabei im Rahmen der bundesweiten Aktionstage \u201eGemeinsam f\u00fcr globale Abr\u00fcstung und Frieden&#8220; den EcoPfad \u201eErinnern und Gedenken\u201c in Breuna mit Besuch eines j\u00fcdischen und eines Kriegsgr\u00e4berfriedhofs. Am 2. Tag ging es dann von Zierenberg bis Bad Emstal, wo sie Gedenkst\u00e4tten des Ecopfades \u201eFriedensp\u00e4dagogik\u201c aufsuchen wollten. Simone, Jutta und ich haben sie zuvor am Parkplatz der Altenburg mit Kaffee und Kuchen empfangen und sind das Teilst\u00fcck nach Merxhausen, vorbei an der Kriegsgr\u00e4berst\u00e4tte, mit gewanderten. Auf dem Friedhof in Merxhausen informierte sie der 1. Vorsitzenden des Kultur- und Geschichtsvereins Merxhausen, Martin Biskamp, \u00fcber die fr\u00fcher dort lebenden&nbsp; \u201eDisplaced Persons\u201c und die \u201eKorringenden\u201c . Es war eine doch recht bedr\u00fcckende Atmosph\u00e4re angesichts des Elends, was sich hinter den Mauern der Landsheilanstalt abgespielt haben mu\u00df. Aber Herr Biskamp konnte die Stimmung noch etwas wandeln, als er von modernen Therapien heute f\u00fcr psychisch Erkrankte berichtete.<\/p>\n\n\n\n<p>Displaced Persons nannte man nach dem Zweiten Weltkrieg ausl\u00e4ndische Zivilpersonen, die durch Einwirkung des Krieges ihre Heimat verlassen hatten. Dazu z\u00e4hlten Zwangsarbeiter, KZ- H\u00e4ftlinge, Kriegsgefangenen und andere Arbeitskr\u00e4fte, die teils freiwillig oder unfreiwillig nach Deutschland gekommen waren. Man sch\u00e4tzt ihre Anzahl auf etwa 7 Millionen, in ganz Deutschland lebten 1945 ca 65 Millionen Menschen. Es war eine herausfordernde Aufgabe der Besatzungsm\u00e4chte, diese noch neben der Versorgung der deutschen Bev\u00f6lkerung zu versorgen. Dazu wurde 1943 die internationale Hilfsorganisation UNRRA ( United Nations Relief and Rehabilition Administration) ins Leben gerufen, deren Ziel es war, neben der Versorgung mit Lebensmitteln, Kleidung und medizinischer Betreuung, m\u00f6glichst viele der Displaced Persons in ihre Heimat zur\u00fcck zu f\u00fchren. In Merxhausen lebten zwischen 1946 und 1949 mehrere hundert dieser Personen aus Estland, Griechenland, Jugoslawien, Lettland, Litauen, Polen, Russland, Ukraine und Ungarn. 63 starben und wurden auf einem gesonderten Friedhof bestattet. An der Gedenkstelle stellten die Mitglieder der Wandergruppe eine Blumenschale nieder.<\/p>\n\n\n\n<p>Es wurde auch der \u201eKorringenden\u201c ( \u201easoziale Volkssch\u00e4dlinge\u201c wie Landstreicher, Bettler, Hausierer, Prostituierte die w\u00e4hrend des Nationalsozialismus kriminalisiert, strafrechtlich verfolgt und in \u201eKorrektionanstalten\u201c inhaftiert wurden) gedacht sowie der chronisch kranken Menschen, die in der &#8222;Landesheilanstalt&#8220; Merxhausen gefangen gehalten, gequ\u00e4lt und der Vernachl\u00e4ssigung und dem Hungertod preisgegeben oder in T\u00f6tungsanstalten verschickt wurden.<\/p>\n\n\n\n<figure class=\"wp-block-image size-full\"><img loading=\"lazy\" decoding=\"async\" width=\"1024\" height=\"582\" src=\"https:\/\/naturfreunde-bad-emstal.de\/wp-content\/uploads\/2022\/05\/Wandergruppe-27_4_4.jpg\" alt=\"\" class=\"wp-image-16795\" srcset=\"https:\/\/naturfreunde-bad-emstal.de\/wp-content\/uploads\/2022\/05\/Wandergruppe-27_4_4.jpg 1024w, https:\/\/naturfreunde-bad-emstal.de\/wp-content\/uploads\/2022\/05\/Wandergruppe-27_4_4-300x171.jpg 300w, https:\/\/naturfreunde-bad-emstal.de\/wp-content\/uploads\/2022\/05\/Wandergruppe-27_4_4-768x437.jpg 768w\" sizes=\"auto, (max-width: 1024px) 100vw, 1024px\" \/><\/figure>\n\n\n\n<figure class=\"wp-block-image size-full\"><img loading=\"lazy\" decoding=\"async\" width=\"1024\" height=\"768\" src=\"https:\/\/naturfreunde-bad-emstal.de\/wp-content\/uploads\/2022\/05\/Wandergruppe-27_4_3.jpg\" alt=\"\" class=\"wp-image-16796\" srcset=\"https:\/\/naturfreunde-bad-emstal.de\/wp-content\/uploads\/2022\/05\/Wandergruppe-27_4_3.jpg 1024w, https:\/\/naturfreunde-bad-emstal.de\/wp-content\/uploads\/2022\/05\/Wandergruppe-27_4_3-300x225.jpg 300w, https:\/\/naturfreunde-bad-emstal.de\/wp-content\/uploads\/2022\/05\/Wandergruppe-27_4_3-768x576.jpg 768w, https:\/\/naturfreunde-bad-emstal.de\/wp-content\/uploads\/2022\/05\/Wandergruppe-27_4_3-400x300.jpg 400w\" sizes=\"auto, (max-width: 1024px) 100vw, 1024px\" \/><\/figure>\n\n\n\n<figure class=\"wp-block-image size-full\"><img loading=\"lazy\" decoding=\"async\" width=\"1024\" height=\"462\" src=\"https:\/\/naturfreunde-bad-emstal.de\/wp-content\/uploads\/2022\/05\/Wandergruppe-27_4_2.jpg\" alt=\"\" class=\"wp-image-16797\" srcset=\"https:\/\/naturfreunde-bad-emstal.de\/wp-content\/uploads\/2022\/05\/Wandergruppe-27_4_2.jpg 1024w, https:\/\/naturfreunde-bad-emstal.de\/wp-content\/uploads\/2022\/05\/Wandergruppe-27_4_2-300x135.jpg 300w, https:\/\/naturfreunde-bad-emstal.de\/wp-content\/uploads\/2022\/05\/Wandergruppe-27_4_2-768x347.jpg 768w\" sizes=\"auto, (max-width: 1024px) 100vw, 1024px\" \/><\/figure>\n\n\n\n<figure class=\"wp-block-image size-full\"><img loading=\"lazy\" decoding=\"async\" width=\"1024\" height=\"768\" src=\"https:\/\/naturfreunde-bad-emstal.de\/wp-content\/uploads\/2022\/05\/Wandergruppe-27_4_1.jpg\" alt=\"\" class=\"wp-image-16798\" srcset=\"https:\/\/naturfreunde-bad-emstal.de\/wp-content\/uploads\/2022\/05\/Wandergruppe-27_4_1.jpg 1024w, https:\/\/naturfreunde-bad-emstal.de\/wp-content\/uploads\/2022\/05\/Wandergruppe-27_4_1-300x225.jpg 300w, https:\/\/naturfreunde-bad-emstal.de\/wp-content\/uploads\/2022\/05\/Wandergruppe-27_4_1-768x576.jpg 768w, https:\/\/naturfreunde-bad-emstal.de\/wp-content\/uploads\/2022\/05\/Wandergruppe-27_4_1-400x300.jpg 400w\" sizes=\"auto, (max-width: 1024px) 100vw, 1024px\" \/><\/figure>\n","protected":false},"excerpt":{"rendered":"<p>Vergangene Woche war eine Gruppe Wanderer aus Mittel- und S\u00fcdhessen vom Sportverein der Naturfreunde Hessen auf dem Habichtswaldstieg unterwegs. Sie erwanderten dabei im Rahmen der bundesweiten Aktionstage \u201eGemeinsam f\u00fcr globale Abr\u00fcstung und Frieden&#8220; den EcoPfad \u201eErinnern und Gedenken\u201c in Breuna mit Besuch eines j\u00fcdischen und eines Kriegsgr\u00e4berfriedhofs. Am 2. Tag ging es dann von Zierenberg&#8230; <\/p>\n<div class=\"clear\"><\/div>\n<p><a href=\"https:\/\/naturfreunde-bad-emstal.de\/?p=16799\" class=\"excerpt-read-more\">Read More<\/a><\/p>\n","protected":false},"author":8,"featured_media":16797,"comment_status":"open","ping_status":"open","sticky":false,"template":"","format":"standard","meta":{"ngg_post_thumbnail":0,"footnotes":""},"categories":[63,51],"tags":[],"class_list":["post-16799","post","type-post","status-publish","format-standard","has-post-thumbnail","hentry","category-archiv","category-news"],"_links":{"self":[{"href":"https:\/\/naturfreunde-bad-emstal.de\/index.php?rest_route=\/wp\/v2\/posts\/16799","targetHints":{"allow":["GET"]}}],"collection":[{"href":"https:\/\/naturfreunde-bad-emstal.de\/index.php?rest_route=\/wp\/v2\/posts"}],"about":[{"href":"https:\/\/naturfreunde-bad-emstal.de\/index.php?rest_route=\/wp\/v2\/types\/post"}],"author":[{"embeddable":true,"href":"https:\/\/naturfreunde-bad-emstal.de\/index.php?rest_route=\/wp\/v2\/users\/8"}],"replies":[{"embeddable":true,"href":"https:\/\/naturfreunde-bad-emstal.de\/index.php?rest_route=%2Fwp%2Fv2%2Fcomments&post=16799"}],"version-history":[{"count":3,"href":"https:\/\/naturfreunde-bad-emstal.de\/index.php?rest_route=\/wp\/v2\/posts\/16799\/revisions"}],"predecessor-version":[{"id":16802,"href":"https:\/\/naturfreunde-bad-emstal.de\/index.php?rest_route=\/wp\/v2\/posts\/16799\/revisions\/16802"}],"wp:featuredmedia":[{"embeddable":true,"href":"https:\/\/naturfreunde-bad-emstal.de\/index.php?rest_route=\/wp\/v2\/media\/16797"}],"wp:attachment":[{"href":"https:\/\/naturfreunde-bad-emstal.de\/index.php?rest_route=%2Fwp%2Fv2%2Fmedia&parent=16799"}],"wp:term":[{"taxonomy":"category","embeddable":true,"href":"https:\/\/naturfreunde-bad-emstal.de\/index.php?rest_route=%2Fwp%2Fv2%2Fcategories&post=16799"},{"taxonomy":"post_tag","embeddable":true,"href":"https:\/\/naturfreunde-bad-emstal.de\/index.php?rest_route=%2Fwp%2Fv2%2Ftags&post=16799"}],"curies":[{"name":"wp","href":"https:\/\/api.w.org\/{rel}","templated":true}]}}