{"id":16829,"date":"2022-05-24T13:13:19","date_gmt":"2022-05-24T13:13:19","guid":{"rendered":"https:\/\/naturfreunde-bad-emstal.de\/?p=16829"},"modified":"2022-05-24T13:13:21","modified_gmt":"2022-05-24T13:13:21","slug":"2-sommerwanderung-mit-ukraine-fluechtlingen-in-breitenbach","status":"publish","type":"post","link":"https:\/\/naturfreunde-bad-emstal.de\/?p=16829","title":{"rendered":"2. Sommerwanderung mit Ukraine Fl\u00fcchtlingen in Breitenbach"},"content":{"rendered":"\n<p>Auch bei der 2. Sommerwanderung waren wieder 22 Erwachsenen und Kinderaus der Ukraine mit dabei. Diesmal ging es mit dem \u00f6ffentlichen Bus nach Breitenbach. Auf dem Weg zum Gro\u00dfen Sch\u00f6nberg sammelten die Kinder Steine, die f\u00fcr Steinm\u00e4nnchen oben gebraucht wurden. Leider war das urspr\u00fcngliche Steinm\u00e4nnchen zerst\u00f6rt, um so besser, dass wir es wieder aufgebaut haben. Weiter ging s zur Pause an der Hoofer Grillh\u00fctte. Ausreichend gest\u00e4rkt wurde dann die Burgruine Schauenburg erklommen und von den Holzthronen ausgiebige Blicke ins Umland geworfen. \u00a0Auf dem R\u00fcckweg zum Bus konnten die Kinder noch ausgiebig toben und spielen. Dann waren alle auch reichlich geschafft, aber gl\u00fccklich \u00fcber einen sch\u00f6nen Tag bei herrlichem Wetter.<\/p>\n\n\n\n<figure class=\"wp-block-image size-large\"><img loading=\"lazy\" decoding=\"async\" width=\"1024\" height=\"766\" src=\"https:\/\/naturfreunde-bad-emstal.de\/wp-content\/uploads\/2022\/05\/Wandern_Breitenbach2_5_22-1024x766.jpg\" alt=\"\" class=\"wp-image-16828\" srcset=\"https:\/\/naturfreunde-bad-emstal.de\/wp-content\/uploads\/2022\/05\/Wandern_Breitenbach2_5_22-1024x766.jpg 1024w, https:\/\/naturfreunde-bad-emstal.de\/wp-content\/uploads\/2022\/05\/Wandern_Breitenbach2_5_22-300x225.jpg 300w, https:\/\/naturfreunde-bad-emstal.de\/wp-content\/uploads\/2022\/05\/Wandern_Breitenbach2_5_22-768x575.jpg 768w, https:\/\/naturfreunde-bad-emstal.de\/wp-content\/uploads\/2022\/05\/Wandern_Breitenbach2_5_22-400x300.jpg 400w, https:\/\/naturfreunde-bad-emstal.de\/wp-content\/uploads\/2022\/05\/Wandern_Breitenbach2_5_22.jpg 1280w\" sizes=\"auto, (max-width: 1024px) 100vw, 1024px\" \/><\/figure>\n\n\n\n<figure class=\"wp-block-image size-large\"><img loading=\"lazy\" decoding=\"async\" width=\"461\" height=\"1024\" src=\"https:\/\/naturfreunde-bad-emstal.de\/wp-content\/uploads\/2022\/05\/Wandern_Breitenbach_5_22-461x1024.jpg\" alt=\"\" class=\"wp-image-16827\" srcset=\"https:\/\/naturfreunde-bad-emstal.de\/wp-content\/uploads\/2022\/05\/Wandern_Breitenbach_5_22-461x1024.jpg 461w, https:\/\/naturfreunde-bad-emstal.de\/wp-content\/uploads\/2022\/05\/Wandern_Breitenbach_5_22-135x300.jpg 135w, https:\/\/naturfreunde-bad-emstal.de\/wp-content\/uploads\/2022\/05\/Wandern_Breitenbach_5_22-768x1705.jpg 768w, https:\/\/naturfreunde-bad-emstal.de\/wp-content\/uploads\/2022\/05\/Wandern_Breitenbach_5_22-692x1536.jpg 692w, https:\/\/naturfreunde-bad-emstal.de\/wp-content\/uploads\/2022\/05\/Wandern_Breitenbach_5_22.jpg 908w\" sizes=\"auto, (max-width: 461px) 100vw, 461px\" \/><\/figure>\n\n\n\n<figure class=\"wp-block-image size-large\"><img loading=\"lazy\" decoding=\"async\" width=\"768\" height=\"1024\" src=\"https:\/\/naturfreunde-bad-emstal.de\/wp-content\/uploads\/2022\/05\/Steinmaennchen-5_22-768x1024.jpg\" alt=\"\" class=\"wp-image-16826\" srcset=\"https:\/\/naturfreunde-bad-emstal.de\/wp-content\/uploads\/2022\/05\/Steinmaennchen-5_22-768x1024.jpg 768w, https:\/\/naturfreunde-bad-emstal.de\/wp-content\/uploads\/2022\/05\/Steinmaennchen-5_22-225x300.jpg 225w, https:\/\/naturfreunde-bad-emstal.de\/wp-content\/uploads\/2022\/05\/Steinmaennchen-5_22-1152x1536.jpg 1152w, https:\/\/naturfreunde-bad-emstal.de\/wp-content\/uploads\/2022\/05\/Steinmaennchen-5_22.jpg 1536w\" sizes=\"auto, (max-width: 768px) 100vw, 768px\" \/><\/figure>\n\n\n\n<figure class=\"wp-block-image size-large\"><img loading=\"lazy\" decoding=\"async\" width=\"1024\" height=\"461\" src=\"https:\/\/naturfreunde-bad-emstal.de\/wp-content\/uploads\/2022\/05\/Sreinmaennchen2_5_22-1024x461.jpg\" alt=\"\" class=\"wp-image-16825\" srcset=\"https:\/\/naturfreunde-bad-emstal.de\/wp-content\/uploads\/2022\/05\/Sreinmaennchen2_5_22-1024x461.jpg 1024w, https:\/\/naturfreunde-bad-emstal.de\/wp-content\/uploads\/2022\/05\/Sreinmaennchen2_5_22-300x135.jpg 300w, https:\/\/naturfreunde-bad-emstal.de\/wp-content\/uploads\/2022\/05\/Sreinmaennchen2_5_22-768x346.jpg 768w, https:\/\/naturfreunde-bad-emstal.de\/wp-content\/uploads\/2022\/05\/Sreinmaennchen2_5_22-1536x691.jpg 1536w, https:\/\/naturfreunde-bad-emstal.de\/wp-content\/uploads\/2022\/05\/Sreinmaennchen2_5_22.jpg 1600w\" sizes=\"auto, (max-width: 1024px) 100vw, 1024px\" \/><\/figure>\n\n\n\n<figure class=\"wp-block-image size-medium\"><img loading=\"lazy\" decoding=\"async\" width=\"300\" height=\"135\" src=\"https:\/\/naturfreunde-bad-emstal.de\/wp-content\/uploads\/2022\/05\/Holzthrone-300x135.jpg\" alt=\"\" class=\"wp-image-16824\" srcset=\"https:\/\/naturfreunde-bad-emstal.de\/wp-content\/uploads\/2022\/05\/Holzthrone-300x135.jpg 300w, https:\/\/naturfreunde-bad-emstal.de\/wp-content\/uploads\/2022\/05\/Holzthrone-1024x461.jpg 1024w, https:\/\/naturfreunde-bad-emstal.de\/wp-content\/uploads\/2022\/05\/Holzthrone-768x346.jpg 768w, https:\/\/naturfreunde-bad-emstal.de\/wp-content\/uploads\/2022\/05\/Holzthrone-1536x692.jpg 1536w, https:\/\/naturfreunde-bad-emstal.de\/wp-content\/uploads\/2022\/05\/Holzthrone.jpg 2016w\" sizes=\"auto, (max-width: 300px) 100vw, 300px\" \/><\/figure>\n","protected":false},"excerpt":{"rendered":"<p>Auch bei der 2. Sommerwanderung waren wieder 22 Erwachsenen und Kinderaus der Ukraine mit dabei. Diesmal ging es mit dem \u00f6ffentlichen Bus nach Breitenbach. Auf dem Weg zum Gro\u00dfen Sch\u00f6nberg sammelten die Kinder Steine, die f\u00fcr Steinm\u00e4nnchen oben gebraucht wurden. Leider war das urspr\u00fcngliche Steinm\u00e4nnchen zerst\u00f6rt, um so besser, dass wir es wieder aufgebaut haben&#8230;. <\/p>\n<div class=\"clear\"><\/div>\n<p><a href=\"https:\/\/naturfreunde-bad-emstal.de\/?p=16829\" class=\"excerpt-read-more\">Read More<\/a><\/p>\n","protected":false},"author":8,"featured_media":16826,"comment_status":"open","ping_status":"open","sticky":false,"template":"","format":"standard","meta":{"ngg_post_thumbnail":0,"footnotes":""},"categories":[63,51,74],"tags":[],"class_list":["post-16829","post","type-post","status-publish","format-standard","has-post-thumbnail","hentry","category-archiv","category-news","category-wandern"],"_links":{"self":[{"href":"https:\/\/naturfreunde-bad-emstal.de\/index.php?rest_route=\/wp\/v2\/posts\/16829","targetHints":{"allow":["GET"]}}],"collection":[{"href":"https:\/\/naturfreunde-bad-emstal.de\/index.php?rest_route=\/wp\/v2\/posts"}],"about":[{"href":"https:\/\/naturfreunde-bad-emstal.de\/index.php?rest_route=\/wp\/v2\/types\/post"}],"author":[{"embeddable":true,"href":"https:\/\/naturfreunde-bad-emstal.de\/index.php?rest_route=\/wp\/v2\/users\/8"}],"replies":[{"embeddable":true,"href":"https:\/\/naturfreunde-bad-emstal.de\/index.php?rest_route=%2Fwp%2Fv2%2Fcomments&post=16829"}],"version-history":[{"count":2,"href":"https:\/\/naturfreunde-bad-emstal.de\/index.php?rest_route=\/wp\/v2\/posts\/16829\/revisions"}],"predecessor-version":[{"id":16831,"href":"https:\/\/naturfreunde-bad-emstal.de\/index.php?rest_route=\/wp\/v2\/posts\/16829\/revisions\/16831"}],"wp:featuredmedia":[{"embeddable":true,"href":"https:\/\/naturfreunde-bad-emstal.de\/index.php?rest_route=\/wp\/v2\/media\/16826"}],"wp:attachment":[{"href":"https:\/\/naturfreunde-bad-emstal.de\/index.php?rest_route=%2Fwp%2Fv2%2Fmedia&parent=16829"}],"wp:term":[{"taxonomy":"category","embeddable":true,"href":"https:\/\/naturfreunde-bad-emstal.de\/index.php?rest_route=%2Fwp%2Fv2%2Fcategories&post=16829"},{"taxonomy":"post_tag","embeddable":true,"href":"https:\/\/naturfreunde-bad-emstal.de\/index.php?rest_route=%2Fwp%2Fv2%2Ftags&post=16829"}],"curies":[{"name":"wp","href":"https:\/\/api.w.org\/{rel}","templated":true}]}}