{"id":16844,"date":"2022-06-14T13:53:05","date_gmt":"2022-06-14T13:53:05","guid":{"rendered":"https:\/\/naturfreunde-bad-emstal.de\/?p=16844"},"modified":"2022-06-14T13:55:09","modified_gmt":"2022-06-14T13:55:09","slug":"wie-kommt-der-strom-in-die-steckdose","status":"publish","type":"post","link":"https:\/\/naturfreunde-bad-emstal.de\/?p=16844","title":{"rendered":"Wie kommt der Strom in die Steckdose ?"},"content":{"rendered":"\n<p><strong>Franz\u00f6sische G\u00e4ste informieren sich im Umweltlabor<\/strong><\/p>\n\n\n\n<p>Im Rahmen des Besuchs aus der franz\u00f6sischen Partnergemeinde Les Ponts-de-C\u00e9 kam eine Besuchergruppe zum Umweltlabor an unserem Naturfreundehaus. Hier stellten Luana Riehl und Nelly Atangana&nbsp; nach dem Konzept \u201eReise auf dem Energieweg\u201c Energiegewinnung und Energieverbrauch vor.<\/p>\n\n\n\n<p>Der Strom kommt aus der Steckdose, aber wie kommt er da rein? Mit Hilfe interessanter kleiner Experimente wurde Energiegewinnung durch Sonne, Wind und Wasser vorgestellt. Da mit regenerativer Energiegewinnung nicht genug Strom erzeugt werden kann, muss dieser durch Kraftwerke,<\/p>\n\n\n\n<p>die mit Kohle, Gas, Erd\u00f6l betrieben werden, gewonnen werden, was mit Umweltverschmutzung und Klimaerw\u00e4rmung einher geht. Und wof\u00fcr wird \u00fcberall Strom gebraucht?&nbsp; Eigentlich f\u00fcr alles, was irgendwie betrieben wird. Also kann es nur bedeuten, dass Strom eingespart<\/p>\n\n\n\n<p>und nachhaltige Energiegewinnung vorangetrieben werden muss, um die Nachteile der konventionellen Energiegewinnung zu verringern.<\/p>\n\n\n\n<p>Die Zuh\u00f6rerschaft belohnte den Vortrag der beiden Jugendlichen mit Applaus und B\u00fcrgermeister Stefan Frankfurth bedankte sich bei den beiden Vortragenden mit einem \u201es\u00fc\u00dfen Gutschein\u201c.<\/p>\n\n\n\n<figure class=\"wp-block-image size-large\"><img loading=\"lazy\" decoding=\"async\" width=\"1024\" height=\"576\" src=\"https:\/\/naturfreunde-bad-emstal.de\/wp-content\/uploads\/2022\/06\/Energiereise1-1024x576.jpg\" alt=\"\" class=\"wp-image-16840\" srcset=\"https:\/\/naturfreunde-bad-emstal.de\/wp-content\/uploads\/2022\/06\/Energiereise1-1024x576.jpg 1024w, https:\/\/naturfreunde-bad-emstal.de\/wp-content\/uploads\/2022\/06\/Energiereise1-300x169.jpg 300w, https:\/\/naturfreunde-bad-emstal.de\/wp-content\/uploads\/2022\/06\/Energiereise1-768x432.jpg 768w, https:\/\/naturfreunde-bad-emstal.de\/wp-content\/uploads\/2022\/06\/Energiereise1-1536x864.jpg 1536w, https:\/\/naturfreunde-bad-emstal.de\/wp-content\/uploads\/2022\/06\/Energiereise1-2048x1152.jpg 2048w\" sizes=\"auto, (max-width: 1024px) 100vw, 1024px\" \/><\/figure>\n\n\n\n<figure class=\"wp-block-image size-large\"><img loading=\"lazy\" decoding=\"async\" width=\"1024\" height=\"576\" src=\"https:\/\/naturfreunde-bad-emstal.de\/wp-content\/uploads\/2022\/06\/Energiereise4-1024x576.jpg\" alt=\"\" class=\"wp-image-16841\" srcset=\"https:\/\/naturfreunde-bad-emstal.de\/wp-content\/uploads\/2022\/06\/Energiereise4-1024x576.jpg 1024w, https:\/\/naturfreunde-bad-emstal.de\/wp-content\/uploads\/2022\/06\/Energiereise4-300x169.jpg 300w, https:\/\/naturfreunde-bad-emstal.de\/wp-content\/uploads\/2022\/06\/Energiereise4-768x432.jpg 768w, https:\/\/naturfreunde-bad-emstal.de\/wp-content\/uploads\/2022\/06\/Energiereise4-1536x864.jpg 1536w, https:\/\/naturfreunde-bad-emstal.de\/wp-content\/uploads\/2022\/06\/Energiereise4-2048x1152.jpg 2048w\" sizes=\"auto, (max-width: 1024px) 100vw, 1024px\" \/><\/figure>\n\n\n\n<figure class=\"wp-block-image size-large\"><img loading=\"lazy\" decoding=\"async\" width=\"576\" height=\"1024\" src=\"https:\/\/naturfreunde-bad-emstal.de\/wp-content\/uploads\/2022\/06\/Energiereise5-576x1024.jpg\" alt=\"\" class=\"wp-image-16842\" srcset=\"https:\/\/naturfreunde-bad-emstal.de\/wp-content\/uploads\/2022\/06\/Energiereise5-576x1024.jpg 576w, https:\/\/naturfreunde-bad-emstal.de\/wp-content\/uploads\/2022\/06\/Energiereise5-169x300.jpg 169w, https:\/\/naturfreunde-bad-emstal.de\/wp-content\/uploads\/2022\/06\/Energiereise5-768x1365.jpg 768w, https:\/\/naturfreunde-bad-emstal.de\/wp-content\/uploads\/2022\/06\/Energiereise5-864x1536.jpg 864w, https:\/\/naturfreunde-bad-emstal.de\/wp-content\/uploads\/2022\/06\/Energiereise5-1152x2048.jpg 1152w, https:\/\/naturfreunde-bad-emstal.de\/wp-content\/uploads\/2022\/06\/Energiereise5-scaled.jpg 1440w\" sizes=\"auto, (max-width: 576px) 100vw, 576px\" \/><\/figure>\n\n\n\n<figure class=\"wp-block-image size-large\"><img loading=\"lazy\" decoding=\"async\" width=\"1024\" height=\"576\" src=\"https:\/\/naturfreunde-bad-emstal.de\/wp-content\/uploads\/2022\/06\/Energiereise6-1024x576.jpg\" alt=\"\" class=\"wp-image-16843\" srcset=\"https:\/\/naturfreunde-bad-emstal.de\/wp-content\/uploads\/2022\/06\/Energiereise6-1024x576.jpg 1024w, https:\/\/naturfreunde-bad-emstal.de\/wp-content\/uploads\/2022\/06\/Energiereise6-300x169.jpg 300w, https:\/\/naturfreunde-bad-emstal.de\/wp-content\/uploads\/2022\/06\/Energiereise6-768x432.jpg 768w, https:\/\/naturfreunde-bad-emstal.de\/wp-content\/uploads\/2022\/06\/Energiereise6-1536x864.jpg 1536w, https:\/\/naturfreunde-bad-emstal.de\/wp-content\/uploads\/2022\/06\/Energiereise6-2048x1152.jpg 2048w\" sizes=\"auto, (max-width: 1024px) 100vw, 1024px\" \/><\/figure>\n","protected":false},"excerpt":{"rendered":"<p>Franz\u00f6sische G\u00e4ste informieren sich im Umweltlabor Im Rahmen des Besuchs aus der franz\u00f6sischen Partnergemeinde Les Ponts-de-C\u00e9 kam eine Besuchergruppe zum Umweltlabor an unserem Naturfreundehaus. Hier stellten Luana Riehl und Nelly Atangana&nbsp; nach dem Konzept \u201eReise auf dem Energieweg\u201c Energiegewinnung und Energieverbrauch vor. Der Strom kommt aus der Steckdose, aber wie kommt er da rein? Mit&#8230; <\/p>\n<div class=\"clear\"><\/div>\n<p><a href=\"https:\/\/naturfreunde-bad-emstal.de\/?p=16844\" class=\"excerpt-read-more\">Read More<\/a><\/p>\n","protected":false},"author":8,"featured_media":16843,"comment_status":"open","ping_status":"open","sticky":false,"template":"","format":"standard","meta":{"ngg_post_thumbnail":0,"footnotes":""},"categories":[63,51],"tags":[],"class_list":["post-16844","post","type-post","status-publish","format-standard","has-post-thumbnail","hentry","category-archiv","category-news"],"_links":{"self":[{"href":"https:\/\/naturfreunde-bad-emstal.de\/index.php?rest_route=\/wp\/v2\/posts\/16844","targetHints":{"allow":["GET"]}}],"collection":[{"href":"https:\/\/naturfreunde-bad-emstal.de\/index.php?rest_route=\/wp\/v2\/posts"}],"about":[{"href":"https:\/\/naturfreunde-bad-emstal.de\/index.php?rest_route=\/wp\/v2\/types\/post"}],"author":[{"embeddable":true,"href":"https:\/\/naturfreunde-bad-emstal.de\/index.php?rest_route=\/wp\/v2\/users\/8"}],"replies":[{"embeddable":true,"href":"https:\/\/naturfreunde-bad-emstal.de\/index.php?rest_route=%2Fwp%2Fv2%2Fcomments&post=16844"}],"version-history":[{"count":2,"href":"https:\/\/naturfreunde-bad-emstal.de\/index.php?rest_route=\/wp\/v2\/posts\/16844\/revisions"}],"predecessor-version":[{"id":16846,"href":"https:\/\/naturfreunde-bad-emstal.de\/index.php?rest_route=\/wp\/v2\/posts\/16844\/revisions\/16846"}],"wp:featuredmedia":[{"embeddable":true,"href":"https:\/\/naturfreunde-bad-emstal.de\/index.php?rest_route=\/wp\/v2\/media\/16843"}],"wp:attachment":[{"href":"https:\/\/naturfreunde-bad-emstal.de\/index.php?rest_route=%2Fwp%2Fv2%2Fmedia&parent=16844"}],"wp:term":[{"taxonomy":"category","embeddable":true,"href":"https:\/\/naturfreunde-bad-emstal.de\/index.php?rest_route=%2Fwp%2Fv2%2Fcategories&post=16844"},{"taxonomy":"post_tag","embeddable":true,"href":"https:\/\/naturfreunde-bad-emstal.de\/index.php?rest_route=%2Fwp%2Fv2%2Ftags&post=16844"}],"curies":[{"name":"wp","href":"https:\/\/api.w.org\/{rel}","templated":true}]}}