{"id":16861,"date":"2022-07-11T07:01:25","date_gmt":"2022-07-11T07:01:25","guid":{"rendered":"https:\/\/naturfreunde-bad-emstal.de\/?p=16861"},"modified":"2022-07-11T07:01:26","modified_gmt":"2022-07-11T07:01:26","slug":"umweltlabor-dankt-der-raiffeisenbank-hessennord-eg-fuer-spenden%ef%bf%bc","status":"publish","type":"post","link":"https:\/\/naturfreunde-bad-emstal.de\/?p=16861","title":{"rendered":"Umweltlabor dankt der Raiffeisenbank HessenNord eG f\u00fcr Spenden\ufffc"},"content":{"rendered":"\n<p>Dank zweier Spenden der Raiffeisenbank HessenNord eG in Bad Emstal konnte das Umweltlabor der Naturfreunde Bad Emstal gut ausgestattet werden. Bei einem Treffen an der Umweltwerkstatt informierten sich Katrin Reitz und Diana Rogge von der Raiffeisenbank Ende Juni 2022 \u00fcber Angebote und Aktivit\u00e4ten, die die Naturfreunde Thomas Gurtmann und Simone Bechtel vor Ort anbieten. Es wurden ihnen verschiedene Gegenst\u00e4nde und Themenkoffer vorgestellt, die zum Teil von den Spenden in H\u00f6he von 1450 \u20ac angeschafft werden konnten. Nelly Atangana und Emmily H\u00fcgel zeigten gleich die praktische Anwendung bei der Untersuchung von Insekten und Bl\u00e4ttern.<\/p>\n\n\n\n<p>Angesprochen werden durch das Umweltlabor alle Altersgruppen: Interessierte, G\u00e4ste des Naturfreundehauses und auch Schulen und Kinderg\u00e4rten, die von Ulrich Blanke und Walter Brixel mit unterschiedlichen Themen besucht werden.<\/p>\n\n\n\n<p>Die Naturfreunde bedanken sich ganz herzlich bei der RaiffeisenbankNord eG f\u00fcr die finanzielle Unterst\u00fctzung.<\/p>\n\n\n\n<figure class=\"wp-block-image size-large\"><img loading=\"lazy\" decoding=\"async\" width=\"1024\" height=\"576\" src=\"https:\/\/naturfreunde-bad-emstal.de\/wp-content\/uploads\/2022\/07\/20220627_143151-1024x576.jpg\" alt=\"\" class=\"wp-image-16860\" srcset=\"https:\/\/naturfreunde-bad-emstal.de\/wp-content\/uploads\/2022\/07\/20220627_143151-1024x576.jpg 1024w, https:\/\/naturfreunde-bad-emstal.de\/wp-content\/uploads\/2022\/07\/20220627_143151-300x169.jpg 300w, https:\/\/naturfreunde-bad-emstal.de\/wp-content\/uploads\/2022\/07\/20220627_143151-768x432.jpg 768w, https:\/\/naturfreunde-bad-emstal.de\/wp-content\/uploads\/2022\/07\/20220627_143151-1536x864.jpg 1536w, https:\/\/naturfreunde-bad-emstal.de\/wp-content\/uploads\/2022\/07\/20220627_143151-2048x1152.jpg 2048w\" sizes=\"auto, (max-width: 1024px) 100vw, 1024px\" \/><\/figure>\n","protected":false},"excerpt":{"rendered":"<p>Dank zweier Spenden der Raiffeisenbank HessenNord eG in Bad Emstal konnte das Umweltlabor der Naturfreunde Bad Emstal gut ausgestattet werden. Bei einem Treffen an der Umweltwerkstatt informierten sich Katrin Reitz und Diana Rogge von der Raiffeisenbank Ende Juni 2022 \u00fcber Angebote und Aktivit\u00e4ten, die die Naturfreunde Thomas Gurtmann und Simone Bechtel vor Ort anbieten. Es&#8230; <\/p>\n<div class=\"clear\"><\/div>\n<p><a href=\"https:\/\/naturfreunde-bad-emstal.de\/?p=16861\" class=\"excerpt-read-more\">Read More<\/a><\/p>\n","protected":false},"author":8,"featured_media":16860,"comment_status":"open","ping_status":"open","sticky":false,"template":"","format":"standard","meta":{"ngg_post_thumbnail":0,"footnotes":""},"categories":[63,51,86],"tags":[],"class_list":["post-16861","post","type-post","status-publish","format-standard","has-post-thumbnail","hentry","category-archiv","category-news","category-umweltlabor"],"_links":{"self":[{"href":"https:\/\/naturfreunde-bad-emstal.de\/index.php?rest_route=\/wp\/v2\/posts\/16861","targetHints":{"allow":["GET"]}}],"collection":[{"href":"https:\/\/naturfreunde-bad-emstal.de\/index.php?rest_route=\/wp\/v2\/posts"}],"about":[{"href":"https:\/\/naturfreunde-bad-emstal.de\/index.php?rest_route=\/wp\/v2\/types\/post"}],"author":[{"embeddable":true,"href":"https:\/\/naturfreunde-bad-emstal.de\/index.php?rest_route=\/wp\/v2\/users\/8"}],"replies":[{"embeddable":true,"href":"https:\/\/naturfreunde-bad-emstal.de\/index.php?rest_route=%2Fwp%2Fv2%2Fcomments&post=16861"}],"version-history":[{"count":2,"href":"https:\/\/naturfreunde-bad-emstal.de\/index.php?rest_route=\/wp\/v2\/posts\/16861\/revisions"}],"predecessor-version":[{"id":16863,"href":"https:\/\/naturfreunde-bad-emstal.de\/index.php?rest_route=\/wp\/v2\/posts\/16861\/revisions\/16863"}],"wp:featuredmedia":[{"embeddable":true,"href":"https:\/\/naturfreunde-bad-emstal.de\/index.php?rest_route=\/wp\/v2\/media\/16860"}],"wp:attachment":[{"href":"https:\/\/naturfreunde-bad-emstal.de\/index.php?rest_route=%2Fwp%2Fv2%2Fmedia&parent=16861"}],"wp:term":[{"taxonomy":"category","embeddable":true,"href":"https:\/\/naturfreunde-bad-emstal.de\/index.php?rest_route=%2Fwp%2Fv2%2Fcategories&post=16861"},{"taxonomy":"post_tag","embeddable":true,"href":"https:\/\/naturfreunde-bad-emstal.de\/index.php?rest_route=%2Fwp%2Fv2%2Ftags&post=16861"}],"curies":[{"name":"wp","href":"https:\/\/api.w.org\/{rel}","templated":true}]}}