{"id":16969,"date":"2022-08-03T07:38:28","date_gmt":"2022-08-03T07:38:28","guid":{"rendered":"https:\/\/naturfreunde-bad-emstal.de\/?p=16969"},"modified":"2022-08-03T07:38:29","modified_gmt":"2022-08-03T07:38:29","slug":"tierischer-besuch-im-naturfreundehaus","status":"publish","type":"post","link":"https:\/\/naturfreunde-bad-emstal.de\/?p=16969","title":{"rendered":"Tierischer Besuch im Naturfreundehaus"},"content":{"rendered":"\n<p>Auf ihrer Lamawanderung von Kassel zum Edersee machte die Wandergruppe der Deutschen Wanderjugend Hessen\u00a0 einen \u00dcbernachtungstopp auf dem Zeltplatz unseres Naturfreundehauses.<\/p>\n\n\n\n<p>20 Jugendliche im Alter zwischen 11 und 14 Jahren, 6 Lamas, 4 Betreuer des Landesverbandes und ein Lamaf\u00fchrer von Rh\u00f6nLama wandern 5 Tage durch Hessen. Diese Wanderungen finden seit 19 Jahren immer in der ersten Ferienwoche statt und begehen interessante Strecken in Hessen. Tagesleistung ist ca 10 km, die Lamas tragen den Proviant f\u00fcr die Tagesetappe, aber nicht mehr als 10 kg. Pro Lama sind drei Jugendliche verantwortlich, immer zwei f\u00fchren abwechselnd ein Tier. Ein Begleitfahrzeug transportiert Zelte und Gep\u00e4ck, Verpflegung und nat\u00fcrlich auch das Heu f\u00fcr die Lamas.<\/p>\n\n\n\n<p>Die Jugendlichen beteiligen sich bei der Versorgung der Tiere, der Zubereitung der Verpflegung und genie\u00dfen das Zusammenleben von Menschen und Tieren.<\/p>\n\n\n\n<p>Nach der Wandertour verbringen sie noch f\u00fcnf Tage bei Spiel und Spa\u00df, dieses Mal am Edersee, aber ohne Tiere. Die werden von Rh\u00f6nLama wieder zur\u00fcck in die Heimat in der Rh\u00f6n gebracht.<\/p>\n\n\n\n<p>Wir w\u00fcnschen der Gruppe noch eine sch\u00f6ne Zeit miteinander.<\/p>\n\n\n\n<figure class=\"wp-block-image size-large\"><img loading=\"lazy\" decoding=\"async\" width=\"1024\" height=\"576\" src=\"https:\/\/naturfreunde-bad-emstal.de\/wp-content\/uploads\/2022\/08\/20220729_190037-002-1024x576.jpg\" alt=\"\" class=\"wp-image-16970\" srcset=\"https:\/\/naturfreunde-bad-emstal.de\/wp-content\/uploads\/2022\/08\/20220729_190037-002-1024x576.jpg 1024w, https:\/\/naturfreunde-bad-emstal.de\/wp-content\/uploads\/2022\/08\/20220729_190037-002-300x169.jpg 300w, https:\/\/naturfreunde-bad-emstal.de\/wp-content\/uploads\/2022\/08\/20220729_190037-002-768x432.jpg 768w, https:\/\/naturfreunde-bad-emstal.de\/wp-content\/uploads\/2022\/08\/20220729_190037-002-1536x864.jpg 1536w, https:\/\/naturfreunde-bad-emstal.de\/wp-content\/uploads\/2022\/08\/20220729_190037-002-2048x1152.jpg 2048w\" sizes=\"auto, (max-width: 1024px) 100vw, 1024px\" \/><\/figure>\n\n\n\n<p><\/p>\n","protected":false},"excerpt":{"rendered":"<p>Auf ihrer Lamawanderung von Kassel zum Edersee machte die Wandergruppe der Deutschen Wanderjugend Hessen\u00a0 einen \u00dcbernachtungstopp auf dem Zeltplatz unseres Naturfreundehauses. 20 Jugendliche im Alter zwischen 11 und 14 Jahren, 6 Lamas, 4 Betreuer des Landesverbandes und ein Lamaf\u00fchrer von Rh\u00f6nLama wandern 5 Tage durch Hessen. Diese Wanderungen finden seit 19 Jahren immer in der&#8230; <\/p>\n<div class=\"clear\"><\/div>\n<p><a href=\"https:\/\/naturfreunde-bad-emstal.de\/?p=16969\" class=\"excerpt-read-more\">Read More<\/a><\/p>\n","protected":false},"author":8,"featured_media":16970,"comment_status":"open","ping_status":"open","sticky":false,"template":"","format":"standard","meta":{"ngg_post_thumbnail":0,"footnotes":""},"categories":[63,51],"tags":[],"class_list":["post-16969","post","type-post","status-publish","format-standard","has-post-thumbnail","hentry","category-archiv","category-news"],"_links":{"self":[{"href":"https:\/\/naturfreunde-bad-emstal.de\/index.php?rest_route=\/wp\/v2\/posts\/16969","targetHints":{"allow":["GET"]}}],"collection":[{"href":"https:\/\/naturfreunde-bad-emstal.de\/index.php?rest_route=\/wp\/v2\/posts"}],"about":[{"href":"https:\/\/naturfreunde-bad-emstal.de\/index.php?rest_route=\/wp\/v2\/types\/post"}],"author":[{"embeddable":true,"href":"https:\/\/naturfreunde-bad-emstal.de\/index.php?rest_route=\/wp\/v2\/users\/8"}],"replies":[{"embeddable":true,"href":"https:\/\/naturfreunde-bad-emstal.de\/index.php?rest_route=%2Fwp%2Fv2%2Fcomments&post=16969"}],"version-history":[{"count":2,"href":"https:\/\/naturfreunde-bad-emstal.de\/index.php?rest_route=\/wp\/v2\/posts\/16969\/revisions"}],"predecessor-version":[{"id":16972,"href":"https:\/\/naturfreunde-bad-emstal.de\/index.php?rest_route=\/wp\/v2\/posts\/16969\/revisions\/16972"}],"wp:featuredmedia":[{"embeddable":true,"href":"https:\/\/naturfreunde-bad-emstal.de\/index.php?rest_route=\/wp\/v2\/media\/16970"}],"wp:attachment":[{"href":"https:\/\/naturfreunde-bad-emstal.de\/index.php?rest_route=%2Fwp%2Fv2%2Fmedia&parent=16969"}],"wp:term":[{"taxonomy":"category","embeddable":true,"href":"https:\/\/naturfreunde-bad-emstal.de\/index.php?rest_route=%2Fwp%2Fv2%2Fcategories&post=16969"},{"taxonomy":"post_tag","embeddable":true,"href":"https:\/\/naturfreunde-bad-emstal.de\/index.php?rest_route=%2Fwp%2Fv2%2Ftags&post=16969"}],"curies":[{"name":"wp","href":"https:\/\/api.w.org\/{rel}","templated":true}]}}