{"id":17010,"date":"2022-12-01T09:51:53","date_gmt":"2022-12-01T09:51:53","guid":{"rendered":"https:\/\/naturfreunde-bad-emstal.de\/?p=17010"},"modified":"2022-12-01T11:30:33","modified_gmt":"2022-12-01T11:30:33","slug":"almauftrieb-bei-den-naturfreunden","status":"publish","type":"post","link":"https:\/\/naturfreunde-bad-emstal.de\/?p=17010","title":{"rendered":"Almauftrieb bei den Naturfreunden"},"content":{"rendered":"\n<p>Nachdem die Streuobstfl\u00e4chen im Schulgarten der Christine-Br\u00fcckner-Schule erfolgreich von den Schulschafen im Fr\u00fchjahr und den Ziegen im Sommer und Herbst abgefressen waren, sind die beiden flei\u00dfigen Helfer in ihr Winterquartier zur\u00fcckgebracht worden. &#8222;Snickers&#8220; und &#8222;Lola&#8220; sind die L\u00e4mmer von &#8222;Gitti&#8220; und &#8222;Lotte&#8220;, den beiden Ziegen, die den Hang am Naturfreundehaus in Sand wieder in eine Wiesenlandschaft mit Heidekraut verwandeln sollen. Da dort wegen der Trockenheit das Futter knapp wurde, mussten sie, als sie alt genug waren, von ihren M\u00fcttern getrennt werden und haben dann die Rolle der Schulschafe im Schulgarten \u00fcbernommen. Jetzt ist die Saison vorbei und sie k\u00f6nnen alle gemeinsam das neu gebaute Ziegenhaus beziehen. Sie k\u00f6nnen nach wie vor auf den Hang, aber jetzt ist ihre Versorgung besser und einfacher und sie haben einen gr\u00f6\u00dferen und wettergesch\u00fctzten Liegebereich. Nach der Mittagspause trafen sich die Kinder und Jugendlichen der Naturschutz AG der CBS mit zwei weiteren Kindern aus Klasse 3 am Schulgarten und machten sich mit Lola und Snickers auf den Weg zum Naturfreundehaus. Dort wurden sie schon von den Kindergruppen der Naturfreunde mit einigen Eltern erwartet. Die Ziegen konnten das neue Ziegenhaus erkunden, w\u00e4hrend alle anderen mit Lagerfeuer, Stockbrot und Apfelsaftpunsch die Einweihung des neuen Winterquartiers feierten. Die Kinder hatten eine Menge Spa\u00df dabei, die Ziegen zu beobachten, wie sie ihre neue Bleibe in Besitz nahmen und spielten ausgiebig im Strohlager. Es wurde langsam dunkel, der Punsch ging zur Neige, der Stockbrotteig zu Ende, das Lagerfeuer brannte runter, die Menschen kehrten in ihre H\u00e4user zur\u00fcck und die Ziegen f\u00fchlten sich in ihrem neuen wohl. Jetzt kann der Winter kommen.<\/p>\n\n\n\n<figure class=\"wp-block-gallery has-nested-images columns-1 is-cropped wp-block-gallery-1 is-layout-flex wp-block-gallery-is-layout-flex\">\n<figure class=\"wp-block-image size-large\"><img loading=\"lazy\" decoding=\"async\" width=\"1024\" height=\"485\" data-id=\"17017\" src=\"https:\/\/naturfreunde-bad-emstal.de\/wp-content\/uploads\/2022\/12\/20221124_140008-1024x485.jpg\" alt=\"\" class=\"wp-image-17017\" srcset=\"https:\/\/naturfreunde-bad-emstal.de\/wp-content\/uploads\/2022\/12\/20221124_140008-1024x485.jpg 1024w, https:\/\/naturfreunde-bad-emstal.de\/wp-content\/uploads\/2022\/12\/20221124_140008-300x142.jpg 300w, https:\/\/naturfreunde-bad-emstal.de\/wp-content\/uploads\/2022\/12\/20221124_140008-768x363.jpg 768w, https:\/\/naturfreunde-bad-emstal.de\/wp-content\/uploads\/2022\/12\/20221124_140008-1536x727.jpg 1536w, https:\/\/naturfreunde-bad-emstal.de\/wp-content\/uploads\/2022\/12\/20221124_140008-2048x969.jpg 2048w\" sizes=\"auto, (max-width: 1024px) 100vw, 1024px\" \/><\/figure>\n\n\n\n<figure class=\"wp-block-image size-large\"><img loading=\"lazy\" decoding=\"async\" width=\"1024\" height=\"485\" data-id=\"17016\" src=\"https:\/\/naturfreunde-bad-emstal.de\/wp-content\/uploads\/2022\/12\/20221124_140717-1024x485.jpg\" alt=\"\" class=\"wp-image-17016\" srcset=\"https:\/\/naturfreunde-bad-emstal.de\/wp-content\/uploads\/2022\/12\/20221124_140717-1024x485.jpg 1024w, https:\/\/naturfreunde-bad-emstal.de\/wp-content\/uploads\/2022\/12\/20221124_140717-300x142.jpg 300w, https:\/\/naturfreunde-bad-emstal.de\/wp-content\/uploads\/2022\/12\/20221124_140717-768x363.jpg 768w, https:\/\/naturfreunde-bad-emstal.de\/wp-content\/uploads\/2022\/12\/20221124_140717-1536x727.jpg 1536w, https:\/\/naturfreunde-bad-emstal.de\/wp-content\/uploads\/2022\/12\/20221124_140717-2048x969.jpg 2048w\" sizes=\"auto, (max-width: 1024px) 100vw, 1024px\" \/><\/figure>\n\n\n\n<figure class=\"wp-block-image size-large\"><img loading=\"lazy\" decoding=\"async\" width=\"485\" height=\"1024\" data-id=\"17011\" src=\"https:\/\/naturfreunde-bad-emstal.de\/wp-content\/uploads\/2022\/12\/20221124_142611-485x1024.jpg\" alt=\"\" class=\"wp-image-17011\" srcset=\"https:\/\/naturfreunde-bad-emstal.de\/wp-content\/uploads\/2022\/12\/20221124_142611-485x1024.jpg 485w, https:\/\/naturfreunde-bad-emstal.de\/wp-content\/uploads\/2022\/12\/20221124_142611-142x300.jpg 142w, https:\/\/naturfreunde-bad-emstal.de\/wp-content\/uploads\/2022\/12\/20221124_142611-768x1623.jpg 768w, https:\/\/naturfreunde-bad-emstal.de\/wp-content\/uploads\/2022\/12\/20221124_142611-727x1536.jpg 727w, https:\/\/naturfreunde-bad-emstal.de\/wp-content\/uploads\/2022\/12\/20221124_142611-969x2048.jpg 969w, https:\/\/naturfreunde-bad-emstal.de\/wp-content\/uploads\/2022\/12\/20221124_142611-scaled.jpg 1211w\" sizes=\"auto, (max-width: 485px) 100vw, 485px\" \/><\/figure>\n\n\n\n<figure class=\"wp-block-image size-large\"><img loading=\"lazy\" decoding=\"async\" width=\"768\" height=\"1024\" data-id=\"17022\" src=\"https:\/\/naturfreunde-bad-emstal.de\/wp-content\/uploads\/2022\/12\/20221124_143718-768x1024.jpg\" alt=\"\" class=\"wp-image-17022\" srcset=\"https:\/\/naturfreunde-bad-emstal.de\/wp-content\/uploads\/2022\/12\/20221124_143718-768x1024.jpg 768w, https:\/\/naturfreunde-bad-emstal.de\/wp-content\/uploads\/2022\/12\/20221124_143718-225x300.jpg 225w, https:\/\/naturfreunde-bad-emstal.de\/wp-content\/uploads\/2022\/12\/20221124_143718-1152x1536.jpg 1152w, https:\/\/naturfreunde-bad-emstal.de\/wp-content\/uploads\/2022\/12\/20221124_143718-1536x2048.jpg 1536w, https:\/\/naturfreunde-bad-emstal.de\/wp-content\/uploads\/2022\/12\/20221124_143718-scaled.jpg 1920w\" sizes=\"auto, (max-width: 768px) 100vw, 768px\" \/><\/figure>\n\n\n\n<figure class=\"wp-block-image size-large\"><img loading=\"lazy\" decoding=\"async\" width=\"768\" height=\"1024\" data-id=\"17021\" src=\"https:\/\/naturfreunde-bad-emstal.de\/wp-content\/uploads\/2022\/12\/20221124_143746-768x1024.jpg\" alt=\"\" class=\"wp-image-17021\" srcset=\"https:\/\/naturfreunde-bad-emstal.de\/wp-content\/uploads\/2022\/12\/20221124_143746-768x1024.jpg 768w, https:\/\/naturfreunde-bad-emstal.de\/wp-content\/uploads\/2022\/12\/20221124_143746-225x300.jpg 225w, https:\/\/naturfreunde-bad-emstal.de\/wp-content\/uploads\/2022\/12\/20221124_143746-1152x1536.jpg 1152w, https:\/\/naturfreunde-bad-emstal.de\/wp-content\/uploads\/2022\/12\/20221124_143746-1536x2048.jpg 1536w, https:\/\/naturfreunde-bad-emstal.de\/wp-content\/uploads\/2022\/12\/20221124_143746-scaled.jpg 1920w\" sizes=\"auto, (max-width: 768px) 100vw, 768px\" \/><\/figure>\n\n\n\n<figure class=\"wp-block-image size-large\"><img loading=\"lazy\" decoding=\"async\" width=\"768\" height=\"1024\" data-id=\"17018\" src=\"https:\/\/naturfreunde-bad-emstal.de\/wp-content\/uploads\/2022\/12\/20221124_143801-768x1024.jpg\" alt=\"\" class=\"wp-image-17018\" srcset=\"https:\/\/naturfreunde-bad-emstal.de\/wp-content\/uploads\/2022\/12\/20221124_143801-768x1024.jpg 768w, https:\/\/naturfreunde-bad-emstal.de\/wp-content\/uploads\/2022\/12\/20221124_143801-225x300.jpg 225w, https:\/\/naturfreunde-bad-emstal.de\/wp-content\/uploads\/2022\/12\/20221124_143801-1152x1536.jpg 1152w, https:\/\/naturfreunde-bad-emstal.de\/wp-content\/uploads\/2022\/12\/20221124_143801-1536x2048.jpg 1536w, https:\/\/naturfreunde-bad-emstal.de\/wp-content\/uploads\/2022\/12\/20221124_143801-scaled.jpg 1920w\" sizes=\"auto, (max-width: 768px) 100vw, 768px\" \/><\/figure>\n\n\n\n<figure class=\"wp-block-image size-large\"><img loading=\"lazy\" decoding=\"async\" width=\"1024\" height=\"768\" data-id=\"17020\" src=\"https:\/\/naturfreunde-bad-emstal.de\/wp-content\/uploads\/2022\/12\/20221124_145011-1024x768.jpg\" alt=\"\" class=\"wp-image-17020\" srcset=\"https:\/\/naturfreunde-bad-emstal.de\/wp-content\/uploads\/2022\/12\/20221124_145011-1024x768.jpg 1024w, https:\/\/naturfreunde-bad-emstal.de\/wp-content\/uploads\/2022\/12\/20221124_145011-300x225.jpg 300w, https:\/\/naturfreunde-bad-emstal.de\/wp-content\/uploads\/2022\/12\/20221124_145011-768x576.jpg 768w, https:\/\/naturfreunde-bad-emstal.de\/wp-content\/uploads\/2022\/12\/20221124_145011-1536x1152.jpg 1536w, https:\/\/naturfreunde-bad-emstal.de\/wp-content\/uploads\/2022\/12\/20221124_145011-2048x1536.jpg 2048w, https:\/\/naturfreunde-bad-emstal.de\/wp-content\/uploads\/2022\/12\/20221124_145011-400x300.jpg 400w\" sizes=\"auto, (max-width: 1024px) 100vw, 1024px\" \/><\/figure>\n\n\n\n<figure class=\"wp-block-image size-large\"><img loading=\"lazy\" decoding=\"async\" width=\"1024\" height=\"768\" data-id=\"17023\" src=\"https:\/\/naturfreunde-bad-emstal.de\/wp-content\/uploads\/2022\/12\/20221124_145021-1024x768.jpg\" alt=\"\" class=\"wp-image-17023\" srcset=\"https:\/\/naturfreunde-bad-emstal.de\/wp-content\/uploads\/2022\/12\/20221124_145021-1024x768.jpg 1024w, https:\/\/naturfreunde-bad-emstal.de\/wp-content\/uploads\/2022\/12\/20221124_145021-300x225.jpg 300w, https:\/\/naturfreunde-bad-emstal.de\/wp-content\/uploads\/2022\/12\/20221124_145021-768x576.jpg 768w, https:\/\/naturfreunde-bad-emstal.de\/wp-content\/uploads\/2022\/12\/20221124_145021-1536x1152.jpg 1536w, https:\/\/naturfreunde-bad-emstal.de\/wp-content\/uploads\/2022\/12\/20221124_145021-2048x1536.jpg 2048w, https:\/\/naturfreunde-bad-emstal.de\/wp-content\/uploads\/2022\/12\/20221124_145021-400x300.jpg 400w\" sizes=\"auto, (max-width: 1024px) 100vw, 1024px\" \/><\/figure>\n\n\n\n<figure class=\"wp-block-image size-large\"><img loading=\"lazy\" decoding=\"async\" width=\"1024\" height=\"768\" data-id=\"17019\" src=\"https:\/\/naturfreunde-bad-emstal.de\/wp-content\/uploads\/2022\/12\/20221124_150446-1024x768.jpg\" alt=\"\" class=\"wp-image-17019\" srcset=\"https:\/\/naturfreunde-bad-emstal.de\/wp-content\/uploads\/2022\/12\/20221124_150446-1024x768.jpg 1024w, https:\/\/naturfreunde-bad-emstal.de\/wp-content\/uploads\/2022\/12\/20221124_150446-300x225.jpg 300w, https:\/\/naturfreunde-bad-emstal.de\/wp-content\/uploads\/2022\/12\/20221124_150446-768x576.jpg 768w, https:\/\/naturfreunde-bad-emstal.de\/wp-content\/uploads\/2022\/12\/20221124_150446-1536x1152.jpg 1536w, https:\/\/naturfreunde-bad-emstal.de\/wp-content\/uploads\/2022\/12\/20221124_150446-2048x1536.jpg 2048w, https:\/\/naturfreunde-bad-emstal.de\/wp-content\/uploads\/2022\/12\/20221124_150446-400x300.jpg 400w\" sizes=\"auto, (max-width: 1024px) 100vw, 1024px\" \/><\/figure>\n\n\n\n<figure class=\"wp-block-image size-large\"><img loading=\"lazy\" decoding=\"async\" width=\"1024\" height=\"485\" data-id=\"17015\" src=\"https:\/\/naturfreunde-bad-emstal.de\/wp-content\/uploads\/2022\/12\/20221124_151446-1024x485.jpg\" alt=\"\" class=\"wp-image-17015\" srcset=\"https:\/\/naturfreunde-bad-emstal.de\/wp-content\/uploads\/2022\/12\/20221124_151446-1024x485.jpg 1024w, https:\/\/naturfreunde-bad-emstal.de\/wp-content\/uploads\/2022\/12\/20221124_151446-300x142.jpg 300w, https:\/\/naturfreunde-bad-emstal.de\/wp-content\/uploads\/2022\/12\/20221124_151446-768x363.jpg 768w, https:\/\/naturfreunde-bad-emstal.de\/wp-content\/uploads\/2022\/12\/20221124_151446-1536x727.jpg 1536w, https:\/\/naturfreunde-bad-emstal.de\/wp-content\/uploads\/2022\/12\/20221124_151446-2048x969.jpg 2048w\" sizes=\"auto, (max-width: 1024px) 100vw, 1024px\" \/><\/figure>\n\n\n\n<figure class=\"wp-block-image size-large\"><img loading=\"lazy\" decoding=\"async\" width=\"1024\" height=\"485\" data-id=\"17013\" src=\"https:\/\/naturfreunde-bad-emstal.de\/wp-content\/uploads\/2022\/12\/20221124_154514-1024x485.jpg\" alt=\"\" class=\"wp-image-17013\" srcset=\"https:\/\/naturfreunde-bad-emstal.de\/wp-content\/uploads\/2022\/12\/20221124_154514-1024x485.jpg 1024w, https:\/\/naturfreunde-bad-emstal.de\/wp-content\/uploads\/2022\/12\/20221124_154514-300x142.jpg 300w, https:\/\/naturfreunde-bad-emstal.de\/wp-content\/uploads\/2022\/12\/20221124_154514-768x364.jpg 768w, https:\/\/naturfreunde-bad-emstal.de\/wp-content\/uploads\/2022\/12\/20221124_154514-1536x728.jpg 1536w, https:\/\/naturfreunde-bad-emstal.de\/wp-content\/uploads\/2022\/12\/20221124_154514-2048x971.jpg 2048w\" sizes=\"auto, (max-width: 1024px) 100vw, 1024px\" \/><\/figure>\n\n\n\n<figure class=\"wp-block-image size-large\"><img loading=\"lazy\" decoding=\"async\" width=\"485\" height=\"1024\" data-id=\"17014\" src=\"https:\/\/naturfreunde-bad-emstal.de\/wp-content\/uploads\/2022\/12\/20221124_154719-485x1024.jpg\" alt=\"\" class=\"wp-image-17014\" srcset=\"https:\/\/naturfreunde-bad-emstal.de\/wp-content\/uploads\/2022\/12\/20221124_154719-485x1024.jpg 485w, https:\/\/naturfreunde-bad-emstal.de\/wp-content\/uploads\/2022\/12\/20221124_154719-142x300.jpg 142w, https:\/\/naturfreunde-bad-emstal.de\/wp-content\/uploads\/2022\/12\/20221124_154719-768x1623.jpg 768w, https:\/\/naturfreunde-bad-emstal.de\/wp-content\/uploads\/2022\/12\/20221124_154719-727x1536.jpg 727w, https:\/\/naturfreunde-bad-emstal.de\/wp-content\/uploads\/2022\/12\/20221124_154719-969x2048.jpg 969w, https:\/\/naturfreunde-bad-emstal.de\/wp-content\/uploads\/2022\/12\/20221124_154719-scaled.jpg 1211w\" sizes=\"auto, (max-width: 485px) 100vw, 485px\" \/><\/figure>\n\n\n\n<figure class=\"wp-block-image size-large\"><img loading=\"lazy\" decoding=\"async\" width=\"485\" height=\"1024\" data-id=\"17012\" src=\"https:\/\/naturfreunde-bad-emstal.de\/wp-content\/uploads\/2022\/12\/20221124_163322-485x1024.jpg\" alt=\"\" class=\"wp-image-17012\" srcset=\"https:\/\/naturfreunde-bad-emstal.de\/wp-content\/uploads\/2022\/12\/20221124_163322-485x1024.jpg 485w, https:\/\/naturfreunde-bad-emstal.de\/wp-content\/uploads\/2022\/12\/20221124_163322-142x300.jpg 142w, https:\/\/naturfreunde-bad-emstal.de\/wp-content\/uploads\/2022\/12\/20221124_163322-768x1623.jpg 768w, https:\/\/naturfreunde-bad-emstal.de\/wp-content\/uploads\/2022\/12\/20221124_163322-727x1536.jpg 727w, https:\/\/naturfreunde-bad-emstal.de\/wp-content\/uploads\/2022\/12\/20221124_163322-969x2048.jpg 969w, https:\/\/naturfreunde-bad-emstal.de\/wp-content\/uploads\/2022\/12\/20221124_163322-scaled.jpg 1211w\" sizes=\"auto, (max-width: 485px) 100vw, 485px\" \/><\/figure>\n<\/figure>\n","protected":false},"excerpt":{"rendered":"<p>Nachdem die Streuobstfl\u00e4chen im Schulgarten der Christine-Br\u00fcckner-Schule erfolgreich von den Schulschafen im Fr\u00fchjahr und den Ziegen im Sommer und Herbst abgefressen waren, sind die beiden flei\u00dfigen Helfer in ihr Winterquartier zur\u00fcckgebracht worden. &#8222;Snickers&#8220; und &#8222;Lola&#8220; sind die L\u00e4mmer von &#8222;Gitti&#8220; und &#8222;Lotte&#8220;, den beiden Ziegen, die den Hang am Naturfreundehaus in Sand wieder in eine&#8230; <\/p>\n<div class=\"clear\"><\/div>\n<p><a href=\"https:\/\/naturfreunde-bad-emstal.de\/?p=17010\" class=\"excerpt-read-more\">Read More<\/a><\/p>\n","protected":false},"author":7,"featured_media":17011,"comment_status":"open","ping_status":"open","sticky":false,"template":"","format":"standard","meta":{"ngg_post_thumbnail":0,"footnotes":""},"categories":[63,78,51,86],"tags":[],"class_list":["post-17010","post","type-post","status-publish","format-standard","has-post-thumbnail","hentry","category-archiv","category-kindergruppen","category-news","category-umweltlabor"],"_links":{"self":[{"href":"https:\/\/naturfreunde-bad-emstal.de\/index.php?rest_route=\/wp\/v2\/posts\/17010","targetHints":{"allow":["GET"]}}],"collection":[{"href":"https:\/\/naturfreunde-bad-emstal.de\/index.php?rest_route=\/wp\/v2\/posts"}],"about":[{"href":"https:\/\/naturfreunde-bad-emstal.de\/index.php?rest_route=\/wp\/v2\/types\/post"}],"author":[{"embeddable":true,"href":"https:\/\/naturfreunde-bad-emstal.de\/index.php?rest_route=\/wp\/v2\/users\/7"}],"replies":[{"embeddable":true,"href":"https:\/\/naturfreunde-bad-emstal.de\/index.php?rest_route=%2Fwp%2Fv2%2Fcomments&post=17010"}],"version-history":[{"count":3,"href":"https:\/\/naturfreunde-bad-emstal.de\/index.php?rest_route=\/wp\/v2\/posts\/17010\/revisions"}],"predecessor-version":[{"id":17027,"href":"https:\/\/naturfreunde-bad-emstal.de\/index.php?rest_route=\/wp\/v2\/posts\/17010\/revisions\/17027"}],"wp:featuredmedia":[{"embeddable":true,"href":"https:\/\/naturfreunde-bad-emstal.de\/index.php?rest_route=\/wp\/v2\/media\/17011"}],"wp:attachment":[{"href":"https:\/\/naturfreunde-bad-emstal.de\/index.php?rest_route=%2Fwp%2Fv2%2Fmedia&parent=17010"}],"wp:term":[{"taxonomy":"category","embeddable":true,"href":"https:\/\/naturfreunde-bad-emstal.de\/index.php?rest_route=%2Fwp%2Fv2%2Fcategories&post=17010"},{"taxonomy":"post_tag","embeddable":true,"href":"https:\/\/naturfreunde-bad-emstal.de\/index.php?rest_route=%2Fwp%2Fv2%2Ftags&post=17010"}],"curies":[{"name":"wp","href":"https:\/\/api.w.org\/{rel}","templated":true}]}}