{"id":17053,"date":"2022-12-24T18:45:13","date_gmt":"2022-12-24T18:45:13","guid":{"rendered":"https:\/\/naturfreunde-bad-emstal.de\/?p=17053"},"modified":"2022-12-24T18:45:14","modified_gmt":"2022-12-24T18:45:14","slug":"wasser-ist-leben-virtuelles-wasser","status":"publish","type":"post","link":"https:\/\/naturfreunde-bad-emstal.de\/?p=17053","title":{"rendered":"Wasser ist Leben \u2013 virtuelles Wasser"},"content":{"rendered":"\n<p>Eine kleine Gruppe Interessierter konnte im Rahmen eines Seminars des Umweltlabors der NaturFreunde Bad Emstal am Sonntag, den 12. Dezember 2022 sein Wissen \u00fcber Wasser im Allgemeinen und \u00fcber virtuelles Wasser erweitern und teilen. Als virtuelles Wasser wird die Wassermenge bezeichnet, die f\u00fcr die Produktion von Lebensmitteln und Produkten des t\u00e4glichen Lebens verbraucht wird.<\/p>\n\n\n\n<p>Unter der Anleitung von Tom Gurtmann entwickelten die Teilnehmenden die Unterschiede zwischen dem direkten und dem virtuellen Wasserverbrauch, erfuhren den Unterschied zwischen sogenanntem gr\u00fcnen, blauen und grauen Wasser und diskutierten, wie viel Wasser in den unterschiedlichen Lebensmitteln steckt. Dies konnte mit Hilfe des virtuellen Wasserkoffers, der vom NaturFreunde Verband entwickelt und dem Umweltlabor der Ortsgruppe zur Verf\u00fcgung gestellt wurde, sehr sch\u00f6n veranschaulicht werden. In weiteren Diskussionen, die sich rund um das Thema entwickelten, zeigte sich, welche unterschiedlichen Vorkenntnisse jeder mitbrachte. Durch den Austausch wurde es f\u00fcr jeden ein Gewinn.<\/p>\n\n\n\n<p>Die Besch\u00e4ftigung mit dem virtuellen Wasser zeigte deutlich den Unterschied zwischen dem direkten Wasserverbrauch von 121 l pro Person am Tag (da liegt Deutschland in einem sehr guten Bereich) und dem durch unseren Lebensstandard verursachten Wasserverbrauch von ca. 4000 l pro Person und Tag. Da wird dann auch deutlich, dass durch die unterschiedlichen Mengen an virtuellem Wasser in Lebensmitteln und Produkten des t\u00e4glichen Lebens viel gr\u00f6\u00dfere Einsparungsm\u00f6glichkeiten bestehen, als im direkten Wasserverbrauch. So wird f\u00fcr die Produktion von 1 kg Rindfleisch knapp 8000 l Wasser verbraucht, f\u00fcr die verschiedenen Gem\u00fcse lediglich um die 200 &#8211; 300 l pro kg.<\/p>\n\n\n\n<p>Weihnachtlich angepasst wurde das Seminar von Barbara Huske-B\u00f6ttgers mit Getr\u00e4nken und Christstollen versorgt.<\/p>\n\n\n\n<figure class=\"wp-block-image size-large\"><img loading=\"lazy\" decoding=\"async\" width=\"1024\" height=\"485\" src=\"https:\/\/naturfreunde-bad-emstal.de\/wp-content\/uploads\/2022\/12\/20221218_121807-1024x485.jpg\" alt=\"\" class=\"wp-image-17052\" srcset=\"https:\/\/naturfreunde-bad-emstal.de\/wp-content\/uploads\/2022\/12\/20221218_121807-1024x485.jpg 1024w, https:\/\/naturfreunde-bad-emstal.de\/wp-content\/uploads\/2022\/12\/20221218_121807-300x142.jpg 300w, https:\/\/naturfreunde-bad-emstal.de\/wp-content\/uploads\/2022\/12\/20221218_121807-768x363.jpg 768w, https:\/\/naturfreunde-bad-emstal.de\/wp-content\/uploads\/2022\/12\/20221218_121807-1536x727.jpg 1536w, https:\/\/naturfreunde-bad-emstal.de\/wp-content\/uploads\/2022\/12\/20221218_121807-2048x969.jpg 2048w\" sizes=\"auto, (max-width: 1024px) 100vw, 1024px\" \/><\/figure>\n\n\n\n<figure class=\"wp-block-image size-large\"><img loading=\"lazy\" decoding=\"async\" width=\"1024\" height=\"485\" src=\"https:\/\/naturfreunde-bad-emstal.de\/wp-content\/uploads\/2022\/12\/20221218_115450-1024x485.jpg\" alt=\"\" class=\"wp-image-17051\" srcset=\"https:\/\/naturfreunde-bad-emstal.de\/wp-content\/uploads\/2022\/12\/20221218_115450-1024x485.jpg 1024w, https:\/\/naturfreunde-bad-emstal.de\/wp-content\/uploads\/2022\/12\/20221218_115450-300x142.jpg 300w, https:\/\/naturfreunde-bad-emstal.de\/wp-content\/uploads\/2022\/12\/20221218_115450-768x363.jpg 768w, https:\/\/naturfreunde-bad-emstal.de\/wp-content\/uploads\/2022\/12\/20221218_115450-1536x727.jpg 1536w, https:\/\/naturfreunde-bad-emstal.de\/wp-content\/uploads\/2022\/12\/20221218_115450-2048x969.jpg 2048w\" sizes=\"auto, (max-width: 1024px) 100vw, 1024px\" \/><\/figure>\n\n\n\n<figure class=\"wp-block-image size-large\"><img loading=\"lazy\" decoding=\"async\" width=\"1024\" height=\"485\" src=\"https:\/\/naturfreunde-bad-emstal.de\/wp-content\/uploads\/2022\/12\/20221218_115026-1024x485.jpg\" alt=\"\" class=\"wp-image-17050\" srcset=\"https:\/\/naturfreunde-bad-emstal.de\/wp-content\/uploads\/2022\/12\/20221218_115026-1024x485.jpg 1024w, https:\/\/naturfreunde-bad-emstal.de\/wp-content\/uploads\/2022\/12\/20221218_115026-300x142.jpg 300w, https:\/\/naturfreunde-bad-emstal.de\/wp-content\/uploads\/2022\/12\/20221218_115026-768x363.jpg 768w, https:\/\/naturfreunde-bad-emstal.de\/wp-content\/uploads\/2022\/12\/20221218_115026-1536x727.jpg 1536w, https:\/\/naturfreunde-bad-emstal.de\/wp-content\/uploads\/2022\/12\/20221218_115026-2048x969.jpg 2048w\" sizes=\"auto, (max-width: 1024px) 100vw, 1024px\" \/><\/figure>\n\n\n\n<figure class=\"wp-block-image size-large\"><img loading=\"lazy\" decoding=\"async\" width=\"1024\" height=\"485\" src=\"https:\/\/naturfreunde-bad-emstal.de\/wp-content\/uploads\/2022\/12\/20221218_113646-QUER-1024x485.jpg\" alt=\"\" class=\"wp-image-17054\" srcset=\"https:\/\/naturfreunde-bad-emstal.de\/wp-content\/uploads\/2022\/12\/20221218_113646-QUER-1024x485.jpg 1024w, https:\/\/naturfreunde-bad-emstal.de\/wp-content\/uploads\/2022\/12\/20221218_113646-QUER-300x142.jpg 300w, https:\/\/naturfreunde-bad-emstal.de\/wp-content\/uploads\/2022\/12\/20221218_113646-QUER-768x363.jpg 768w, https:\/\/naturfreunde-bad-emstal.de\/wp-content\/uploads\/2022\/12\/20221218_113646-QUER-1536x727.jpg 1536w, https:\/\/naturfreunde-bad-emstal.de\/wp-content\/uploads\/2022\/12\/20221218_113646-QUER-2048x969.jpg 2048w\" sizes=\"auto, (max-width: 1024px) 100vw, 1024px\" \/><\/figure>\n","protected":false},"excerpt":{"rendered":"<p>Eine kleine Gruppe Interessierter konnte im Rahmen eines Seminars des Umweltlabors der NaturFreunde Bad Emstal am Sonntag, den 12. Dezember 2022 sein Wissen \u00fcber Wasser im Allgemeinen und \u00fcber virtuelles Wasser erweitern und teilen. Als virtuelles Wasser wird die Wassermenge bezeichnet, die f\u00fcr die Produktion von Lebensmitteln und Produkten des t\u00e4glichen Lebens verbraucht wird. Unter&#8230; <\/p>\n<div class=\"clear\"><\/div>\n<p><a href=\"https:\/\/naturfreunde-bad-emstal.de\/?p=17053\" class=\"excerpt-read-more\">Read More<\/a><\/p>\n","protected":false},"author":7,"featured_media":17050,"comment_status":"open","ping_status":"open","sticky":false,"template":"","format":"standard","meta":{"ngg_post_thumbnail":0,"footnotes":""},"categories":[63,51,86],"tags":[],"class_list":["post-17053","post","type-post","status-publish","format-standard","has-post-thumbnail","hentry","category-archiv","category-news","category-umweltlabor"],"_links":{"self":[{"href":"https:\/\/naturfreunde-bad-emstal.de\/index.php?rest_route=\/wp\/v2\/posts\/17053","targetHints":{"allow":["GET"]}}],"collection":[{"href":"https:\/\/naturfreunde-bad-emstal.de\/index.php?rest_route=\/wp\/v2\/posts"}],"about":[{"href":"https:\/\/naturfreunde-bad-emstal.de\/index.php?rest_route=\/wp\/v2\/types\/post"}],"author":[{"embeddable":true,"href":"https:\/\/naturfreunde-bad-emstal.de\/index.php?rest_route=\/wp\/v2\/users\/7"}],"replies":[{"embeddable":true,"href":"https:\/\/naturfreunde-bad-emstal.de\/index.php?rest_route=%2Fwp%2Fv2%2Fcomments&post=17053"}],"version-history":[{"count":2,"href":"https:\/\/naturfreunde-bad-emstal.de\/index.php?rest_route=\/wp\/v2\/posts\/17053\/revisions"}],"predecessor-version":[{"id":17056,"href":"https:\/\/naturfreunde-bad-emstal.de\/index.php?rest_route=\/wp\/v2\/posts\/17053\/revisions\/17056"}],"wp:featuredmedia":[{"embeddable":true,"href":"https:\/\/naturfreunde-bad-emstal.de\/index.php?rest_route=\/wp\/v2\/media\/17050"}],"wp:attachment":[{"href":"https:\/\/naturfreunde-bad-emstal.de\/index.php?rest_route=%2Fwp%2Fv2%2Fmedia&parent=17053"}],"wp:term":[{"taxonomy":"category","embeddable":true,"href":"https:\/\/naturfreunde-bad-emstal.de\/index.php?rest_route=%2Fwp%2Fv2%2Fcategories&post=17053"},{"taxonomy":"post_tag","embeddable":true,"href":"https:\/\/naturfreunde-bad-emstal.de\/index.php?rest_route=%2Fwp%2Fv2%2Ftags&post=17053"}],"curies":[{"name":"wp","href":"https:\/\/api.w.org\/{rel}","templated":true}]}}