{"id":17140,"date":"2023-03-20T17:00:33","date_gmt":"2023-03-20T17:00:33","guid":{"rendered":"https:\/\/naturfreunde-bad-emstal.de\/?p=17140"},"modified":"2023-03-20T17:00:34","modified_gmt":"2023-03-20T17:00:34","slug":"fuehrungswechsel-bei-den-naturfreunden-bad-emstal","status":"publish","type":"post","link":"https:\/\/naturfreunde-bad-emstal.de\/?p=17140","title":{"rendered":"<strong>F\u00fchrungswechsel bei den Naturfreunden Bad Emstal<\/strong>"},"content":{"rendered":"\n<p>In der Mitgliederversammlung der Naturfreunde Bad Emstal stellte der 1.Vorsitzende Gerhard Raabe sein Amt zur Verf\u00fcgung. Nach 13 Jahren vielf\u00e4ltiger Vorstandsarbeit m\u00f6chte Gerhard sich mehr um Privates k\u00fcmmern, versicherte aber, dem Verein weiterhin mit Rat und Tat zur Verf\u00fcgung zu stehen und \u00fcbernimmt auch weitere Aufgaben im Verein. Gerhard trat 2002 den Naturfreunden bei. Nach seiner langen ehrenamtlichen T\u00e4tigkeit im Kanu-Sport wurde er 2010 nach dem Ausscheiden des damaligen 1.Vorsitzenden Bertold Schmidt zu seinem Nachfolger gew\u00e4hlt. In seiner 13j\u00e4hrigen Amtszeit wurden einige gro\u00dfe Projekte, wie die Entwicklung der Kinder- und Jugendarbeit, Anbau der Grillh\u00fctte, Bau des Umweltlabors und des Bootshauses mit erweiterter Campingm\u00f6glichkeit f\u00fcr G\u00e4ste, Heidesukkzession durch Ziegen, Erneuerung der Zufahrtsstra\u00dfe, sowie die stetige Modernisierung des Naturfreundehauses, realisiert. Die letzte gro\u00dfe Aktion war die gelungene 100-Jahrfeier im Sp\u00e4tsommer, die wegen Corona erst in 2022 stattfinden konnte. Seine letzten Amtshandlungen auf der Versammlung waren unter anderem Berichte zur Mitgliederentwicklung, z.Zt. hat der Verein 159 Mitglieder mit 20 Neueintritten, die nach Corona wieder steigenden \u00dcbernachtungszahlen, sowie die geplanten Investitionen im Naturfreundehaus. Au\u00dferdem ehrte er Christel Schmidt (50 Jahre Mitgliedschaft) und Katrin Zimmermann (30 Jahre Mitgliedschaft) in Abwesenheit und \u00fcberreichte Herta Heinrich Blumen und Urkunde f\u00fcr 40 Jahre Treue zu den Naturfreunden.<\/p>\n\n\n\n<p>Als Nachfolger wurde Thomas Gurtmann &nbsp;von der Versammlung zum 1. Vorsitzenden gew\u00e4hlt. Als Kassierer wurde Friedhelm Beckmann best\u00e4tigt und Gerhard Raabe neu gew\u00e4hlt, sowie Jutta Schmidt-Machado und Simone Bechtel f\u00fcr die Schriftf\u00fchrung.<\/p>\n\n\n\n<p>Ein wichtiges Projekt f\u00fcr die n\u00e4chste Zeit wird die Weiterentwicklung des Vereins in den n\u00e4chsten Jahren sein. Au\u00dferdem ist eine Vereinsfahrt Anfang Juli nach Bad Hersfeld ins Museum \u201eWortreich\u201c geplant.<\/p>\n\n\n\n<figure class=\"wp-block-image size-large\"><img loading=\"lazy\" decoding=\"async\" width=\"1024\" height=\"682\" src=\"https:\/\/naturfreunde-bad-emstal.de\/wp-content\/uploads\/2023\/03\/Fuehrungswechsel-NF-2023-1024x682.jpg\" alt=\"\" class=\"wp-image-17141\" srcset=\"https:\/\/naturfreunde-bad-emstal.de\/wp-content\/uploads\/2023\/03\/Fuehrungswechsel-NF-2023-1024x682.jpg 1024w, https:\/\/naturfreunde-bad-emstal.de\/wp-content\/uploads\/2023\/03\/Fuehrungswechsel-NF-2023-300x200.jpg 300w, https:\/\/naturfreunde-bad-emstal.de\/wp-content\/uploads\/2023\/03\/Fuehrungswechsel-NF-2023-768x512.jpg 768w, https:\/\/naturfreunde-bad-emstal.de\/wp-content\/uploads\/2023\/03\/Fuehrungswechsel-NF-2023-1536x1024.jpg 1536w, https:\/\/naturfreunde-bad-emstal.de\/wp-content\/uploads\/2023\/03\/Fuehrungswechsel-NF-2023.jpg 1772w\" sizes=\"auto, (max-width: 1024px) 100vw, 1024px\" \/><figcaption class=\"wp-element-caption\">links der neue 1.Vorsitzende Thomas Gurtman<\/figcaption><\/figure>\n","protected":false},"excerpt":{"rendered":"<p>In der Mitgliederversammlung der Naturfreunde Bad Emstal stellte der 1.Vorsitzende Gerhard Raabe sein Amt zur Verf\u00fcgung. Nach 13 Jahren vielf\u00e4ltiger Vorstandsarbeit m\u00f6chte Gerhard sich mehr um Privates k\u00fcmmern, versicherte aber, dem Verein weiterhin mit Rat und Tat zur Verf\u00fcgung zu stehen und \u00fcbernimmt auch weitere Aufgaben im Verein. Gerhard trat 2002 den Naturfreunden bei. Nach&#8230; <\/p>\n<div class=\"clear\"><\/div>\n<p><a href=\"https:\/\/naturfreunde-bad-emstal.de\/?p=17140\" class=\"excerpt-read-more\">Read More<\/a><\/p>\n","protected":false},"author":8,"featured_media":6695,"comment_status":"open","ping_status":"open","sticky":false,"template":"","format":"standard","meta":{"ngg_post_thumbnail":0,"footnotes":""},"categories":[63,51],"tags":[],"class_list":["post-17140","post","type-post","status-publish","format-standard","has-post-thumbnail","hentry","category-archiv","category-news"],"_links":{"self":[{"href":"https:\/\/naturfreunde-bad-emstal.de\/index.php?rest_route=\/wp\/v2\/posts\/17140","targetHints":{"allow":["GET"]}}],"collection":[{"href":"https:\/\/naturfreunde-bad-emstal.de\/index.php?rest_route=\/wp\/v2\/posts"}],"about":[{"href":"https:\/\/naturfreunde-bad-emstal.de\/index.php?rest_route=\/wp\/v2\/types\/post"}],"author":[{"embeddable":true,"href":"https:\/\/naturfreunde-bad-emstal.de\/index.php?rest_route=\/wp\/v2\/users\/8"}],"replies":[{"embeddable":true,"href":"https:\/\/naturfreunde-bad-emstal.de\/index.php?rest_route=%2Fwp%2Fv2%2Fcomments&post=17140"}],"version-history":[{"count":2,"href":"https:\/\/naturfreunde-bad-emstal.de\/index.php?rest_route=\/wp\/v2\/posts\/17140\/revisions"}],"predecessor-version":[{"id":17143,"href":"https:\/\/naturfreunde-bad-emstal.de\/index.php?rest_route=\/wp\/v2\/posts\/17140\/revisions\/17143"}],"wp:featuredmedia":[{"embeddable":true,"href":"https:\/\/naturfreunde-bad-emstal.de\/index.php?rest_route=\/wp\/v2\/media\/6695"}],"wp:attachment":[{"href":"https:\/\/naturfreunde-bad-emstal.de\/index.php?rest_route=%2Fwp%2Fv2%2Fmedia&parent=17140"}],"wp:term":[{"taxonomy":"category","embeddable":true,"href":"https:\/\/naturfreunde-bad-emstal.de\/index.php?rest_route=%2Fwp%2Fv2%2Fcategories&post=17140"},{"taxonomy":"post_tag","embeddable":true,"href":"https:\/\/naturfreunde-bad-emstal.de\/index.php?rest_route=%2Fwp%2Fv2%2Ftags&post=17140"}],"curies":[{"name":"wp","href":"https:\/\/api.w.org\/{rel}","templated":true}]}}