{"id":17205,"date":"2023-04-18T15:34:52","date_gmt":"2023-04-18T15:34:52","guid":{"rendered":"https:\/\/naturfreunde-bad-emstal.de\/?p=17205"},"modified":"2025-02-28T09:58:21","modified_gmt":"2025-02-28T09:58:21","slug":"17205","status":"publish","type":"post","link":"https:\/\/naturfreunde-bad-emstal.de\/?p=17205","title":{"rendered":"Erstes Treffen der Kochgruppe nach CORONA"},"content":{"rendered":"\n<p>Beim ersten Koch-Treff im Naturfreundehaus bereiteten drei K\u00f6che das Men\u00fc vor und luden sich 3 G\u00e4ste ein. Es gab Feldsalat mit gebratenen Champignons in Honig-Senf-Dressing, Gem\u00fcse in Kokosmilch indonesisch und als Dessert Quark mit Erdbeeren, Sahne und Schokosplittern. In entspannter Atmosph\u00e4re und mit professionellen Tipps wurde ein richtig gutes Essen nach den Rezepten der Naturfreunde-Jugend gekocht. Allen hat es geschmeckt, so dass wir uns auf unser n\u00e4chstes Kochen am Montag, den 15. Mai freuen. Ich lade eine Woche vorher nochmal ein und bitte dann um Anmeldung f\u00fcr den Einkauf.&nbsp;<\/p>\n\n\n\n<figure class=\"wp-block-image size-large\"><img loading=\"lazy\" decoding=\"async\" width=\"768\" height=\"1024\" src=\"https:\/\/naturfreunde-bad-emstal.de\/wp-content\/uploads\/2023\/04\/IMG_20230417_190714_resized_20230418_035022311-768x1024.jpg\" alt=\"\" class=\"wp-image-17207\" srcset=\"https:\/\/naturfreunde-bad-emstal.de\/wp-content\/uploads\/2023\/04\/IMG_20230417_190714_resized_20230418_035022311-768x1024.jpg 768w, https:\/\/naturfreunde-bad-emstal.de\/wp-content\/uploads\/2023\/04\/IMG_20230417_190714_resized_20230418_035022311-225x300.jpg 225w, https:\/\/naturfreunde-bad-emstal.de\/wp-content\/uploads\/2023\/04\/IMG_20230417_190714_resized_20230418_035022311-1152x1536.jpg 1152w, https:\/\/naturfreunde-bad-emstal.de\/wp-content\/uploads\/2023\/04\/IMG_20230417_190714_resized_20230418_035022311-1536x2048.jpg 1536w, https:\/\/naturfreunde-bad-emstal.de\/wp-content\/uploads\/2023\/04\/IMG_20230417_190714_resized_20230418_035022311.jpg 1728w\" sizes=\"auto, (max-width: 768px) 100vw, 768px\" \/><\/figure>\n\n\n\n<figure class=\"wp-block-image size-large\"><img loading=\"lazy\" decoding=\"async\" width=\"1024\" height=\"768\" src=\"https:\/\/naturfreunde-bad-emstal.de\/wp-content\/uploads\/2023\/04\/IMG_20230417_190742_resized_20230418_035021613-1024x768.jpg\" alt=\"\" class=\"wp-image-17209\" srcset=\"https:\/\/naturfreunde-bad-emstal.de\/wp-content\/uploads\/2023\/04\/IMG_20230417_190742_resized_20230418_035021613-1024x768.jpg 1024w, https:\/\/naturfreunde-bad-emstal.de\/wp-content\/uploads\/2023\/04\/IMG_20230417_190742_resized_20230418_035021613-300x225.jpg 300w, https:\/\/naturfreunde-bad-emstal.de\/wp-content\/uploads\/2023\/04\/IMG_20230417_190742_resized_20230418_035021613-768x576.jpg 768w, https:\/\/naturfreunde-bad-emstal.de\/wp-content\/uploads\/2023\/04\/IMG_20230417_190742_resized_20230418_035021613-1536x1152.jpg 1536w, https:\/\/naturfreunde-bad-emstal.de\/wp-content\/uploads\/2023\/04\/IMG_20230417_190742_resized_20230418_035021613-2048x1536.jpg 2048w, https:\/\/naturfreunde-bad-emstal.de\/wp-content\/uploads\/2023\/04\/IMG_20230417_190742_resized_20230418_035021613-400x300.jpg 400w\" sizes=\"auto, (max-width: 1024px) 100vw, 1024px\" \/><\/figure>\n\n\n\n<figure class=\"wp-block-image size-large\"><img loading=\"lazy\" decoding=\"async\" width=\"1024\" height=\"768\" src=\"https:\/\/naturfreunde-bad-emstal.de\/wp-content\/uploads\/2023\/04\/IMG_20230417_190732_resized_20230418_035022916-1-1024x768.jpg\" alt=\"\" class=\"wp-image-17208\" srcset=\"https:\/\/naturfreunde-bad-emstal.de\/wp-content\/uploads\/2023\/04\/IMG_20230417_190732_resized_20230418_035022916-1-1024x768.jpg 1024w, https:\/\/naturfreunde-bad-emstal.de\/wp-content\/uploads\/2023\/04\/IMG_20230417_190732_resized_20230418_035022916-1-300x225.jpg 300w, https:\/\/naturfreunde-bad-emstal.de\/wp-content\/uploads\/2023\/04\/IMG_20230417_190732_resized_20230418_035022916-1-768x576.jpg 768w, https:\/\/naturfreunde-bad-emstal.de\/wp-content\/uploads\/2023\/04\/IMG_20230417_190732_resized_20230418_035022916-1-1536x1152.jpg 1536w, https:\/\/naturfreunde-bad-emstal.de\/wp-content\/uploads\/2023\/04\/IMG_20230417_190732_resized_20230418_035022916-1-2048x1536.jpg 2048w, https:\/\/naturfreunde-bad-emstal.de\/wp-content\/uploads\/2023\/04\/IMG_20230417_190732_resized_20230418_035022916-1-400x300.jpg 400w\" sizes=\"auto, (max-width: 1024px) 100vw, 1024px\" \/><\/figure>\n\n\n\n<p><\/p>\n","protected":false},"excerpt":{"rendered":"<p>Beim ersten Koch-Treff im Naturfreundehaus bereiteten drei K\u00f6che das Men\u00fc vor und luden sich 3 G\u00e4ste ein. Es gab Feldsalat mit gebratenen Champignons in Honig-Senf-Dressing, Gem\u00fcse in Kokosmilch indonesisch und als Dessert Quark mit Erdbeeren, Sahne und Schokosplittern. In entspannter Atmosph\u00e4re und mit professionellen Tipps wurde ein richtig gutes Essen nach den Rezepten der Naturfreunde-Jugend&#8230; <\/p>\n<div class=\"clear\"><\/div>\n<p><a href=\"https:\/\/naturfreunde-bad-emstal.de\/?p=17205\" class=\"excerpt-read-more\">Read More<\/a><\/p>\n","protected":false},"author":15,"featured_media":17208,"comment_status":"open","ping_status":"open","sticky":false,"template":"","format":"standard","meta":{"ngg_post_thumbnail":0,"footnotes":""},"categories":[63,79,51],"tags":[],"class_list":["post-17205","post","type-post","status-publish","format-standard","has-post-thumbnail","hentry","category-archiv","category-kochen","category-news"],"_links":{"self":[{"href":"https:\/\/naturfreunde-bad-emstal.de\/index.php?rest_route=\/wp\/v2\/posts\/17205","targetHints":{"allow":["GET"]}}],"collection":[{"href":"https:\/\/naturfreunde-bad-emstal.de\/index.php?rest_route=\/wp\/v2\/posts"}],"about":[{"href":"https:\/\/naturfreunde-bad-emstal.de\/index.php?rest_route=\/wp\/v2\/types\/post"}],"author":[{"embeddable":true,"href":"https:\/\/naturfreunde-bad-emstal.de\/index.php?rest_route=\/wp\/v2\/users\/15"}],"replies":[{"embeddable":true,"href":"https:\/\/naturfreunde-bad-emstal.de\/index.php?rest_route=%2Fwp%2Fv2%2Fcomments&post=17205"}],"version-history":[{"count":6,"href":"https:\/\/naturfreunde-bad-emstal.de\/index.php?rest_route=\/wp\/v2\/posts\/17205\/revisions"}],"predecessor-version":[{"id":18087,"href":"https:\/\/naturfreunde-bad-emstal.de\/index.php?rest_route=\/wp\/v2\/posts\/17205\/revisions\/18087"}],"wp:featuredmedia":[{"embeddable":true,"href":"https:\/\/naturfreunde-bad-emstal.de\/index.php?rest_route=\/wp\/v2\/media\/17208"}],"wp:attachment":[{"href":"https:\/\/naturfreunde-bad-emstal.de\/index.php?rest_route=%2Fwp%2Fv2%2Fmedia&parent=17205"}],"wp:term":[{"taxonomy":"category","embeddable":true,"href":"https:\/\/naturfreunde-bad-emstal.de\/index.php?rest_route=%2Fwp%2Fv2%2Fcategories&post=17205"},{"taxonomy":"post_tag","embeddable":true,"href":"https:\/\/naturfreunde-bad-emstal.de\/index.php?rest_route=%2Fwp%2Fv2%2Ftags&post=17205"}],"curies":[{"name":"wp","href":"https:\/\/api.w.org\/{rel}","templated":true}]}}