{"id":17301,"date":"2023-06-04T16:35:28","date_gmt":"2023-06-04T16:35:28","guid":{"rendered":"https:\/\/naturfreunde-bad-emstal.de\/?p=17301"},"modified":"2025-02-28T17:04:23","modified_gmt":"2025-02-28T17:04:23","slug":"2-treffen-der-kochgruppe-nach-corona","status":"publish","type":"post","link":"https:\/\/naturfreunde-bad-emstal.de\/?p=17301","title":{"rendered":"2. Treffen der Kochgruppe nach CORONA"},"content":{"rendered":"\n<p>Beim zweiten Koch-Treff am 15. Mai im Naturfreunde-Haus bereiteten 5 K\u00f6chinnen und 1 Koch das Men\u00fc nach den vorgeschlagenen Rezepten der NaturFreunde-Jugend und dem Gem\u00fcsehof Lehmann zu. Das Gem\u00fcse wurde frisch von Ilona aus \u201eQuerbeet\u201c mitgebracht. Es gab Mair\u00fcbchen-Salat, Penne mit Spinat-Sahne-So\u00dfe und Himbeertraum zum Nachtisch. Der Mair\u00fcbchen-Salat punktete, weil das Gem\u00fcse nicht so bekannt ist. Er schmeckte mild und frisch. Ignacios Spinatso\u00dfe hatte die gute Knoblauchw\u00fcrze und man hatte den Wunsch nach einer zweiten Portion. Der Himbeertraum rundete alles ab und wir hatten danach kaum noch Lust, uns vom Tisch zu erheben.<\/p>\n\n\n\n<p>Unser n\u00e4chstes Treffen ist am 12. Juni. Ich lade eine Woche vorher ein und bitte um schnelle Anmeldung, damit Ilona entsprechende Mengen einkaufen kann.<\/p>\n\n\n\n<p>Gru\u00df Gabi Raabe&nbsp;<\/p>\n\n\n\n<figure class=\"wp-block-image size-large\"><img loading=\"lazy\" decoding=\"async\" width=\"768\" height=\"1024\" src=\"https:\/\/naturfreunde-bad-emstal.de\/wp-content\/uploads\/2023\/06\/Vorspeise-768x1024.jpg\" alt=\"\" class=\"wp-image-17302\" srcset=\"https:\/\/naturfreunde-bad-emstal.de\/wp-content\/uploads\/2023\/06\/Vorspeise-768x1024.jpg 768w, https:\/\/naturfreunde-bad-emstal.de\/wp-content\/uploads\/2023\/06\/Vorspeise-225x300.jpg 225w, https:\/\/naturfreunde-bad-emstal.de\/wp-content\/uploads\/2023\/06\/Vorspeise-1152x1536.jpg 1152w, https:\/\/naturfreunde-bad-emstal.de\/wp-content\/uploads\/2023\/06\/Vorspeise-1536x2048.jpg 1536w, https:\/\/naturfreunde-bad-emstal.de\/wp-content\/uploads\/2023\/06\/Vorspeise.jpg 1728w\" sizes=\"auto, (max-width: 768px) 100vw, 768px\" \/><figcaption class=\"wp-element-caption\">Vorspeise<\/figcaption><\/figure>\n\n\n\n<figure class=\"wp-block-image size-large\"><img loading=\"lazy\" decoding=\"async\" width=\"768\" height=\"1024\" src=\"https:\/\/naturfreunde-bad-emstal.de\/wp-content\/uploads\/2023\/06\/Hauptgericht-768x1024.jpg\" alt=\"\" class=\"wp-image-17303\" srcset=\"https:\/\/naturfreunde-bad-emstal.de\/wp-content\/uploads\/2023\/06\/Hauptgericht-768x1024.jpg 768w, https:\/\/naturfreunde-bad-emstal.de\/wp-content\/uploads\/2023\/06\/Hauptgericht-225x300.jpg 225w, https:\/\/naturfreunde-bad-emstal.de\/wp-content\/uploads\/2023\/06\/Hauptgericht-1152x1536.jpg 1152w, https:\/\/naturfreunde-bad-emstal.de\/wp-content\/uploads\/2023\/06\/Hauptgericht-1536x2048.jpg 1536w, https:\/\/naturfreunde-bad-emstal.de\/wp-content\/uploads\/2023\/06\/Hauptgericht.jpg 1728w\" sizes=\"auto, (max-width: 768px) 100vw, 768px\" \/><figcaption class=\"wp-element-caption\">Hauptgericht<\/figcaption><\/figure>\n\n\n\n<figure class=\"wp-block-image size-large\"><img loading=\"lazy\" decoding=\"async\" width=\"768\" height=\"1024\" src=\"https:\/\/naturfreunde-bad-emstal.de\/wp-content\/uploads\/2023\/06\/Nachtisch-768x1024.jpg\" alt=\"\" class=\"wp-image-17304\" srcset=\"https:\/\/naturfreunde-bad-emstal.de\/wp-content\/uploads\/2023\/06\/Nachtisch-768x1024.jpg 768w, https:\/\/naturfreunde-bad-emstal.de\/wp-content\/uploads\/2023\/06\/Nachtisch-225x300.jpg 225w, https:\/\/naturfreunde-bad-emstal.de\/wp-content\/uploads\/2023\/06\/Nachtisch-1152x1536.jpg 1152w, https:\/\/naturfreunde-bad-emstal.de\/wp-content\/uploads\/2023\/06\/Nachtisch-1536x2048.jpg 1536w, https:\/\/naturfreunde-bad-emstal.de\/wp-content\/uploads\/2023\/06\/Nachtisch.jpg 1728w\" sizes=\"auto, (max-width: 768px) 100vw, 768px\" \/><figcaption class=\"wp-element-caption\">Nachspeise<\/figcaption><\/figure>\n","protected":false},"excerpt":{"rendered":"<p>Beim zweiten Koch-Treff am 15. Mai im Naturfreunde-Haus bereiteten 5 K\u00f6chinnen und 1 Koch das Men\u00fc nach den vorgeschlagenen Rezepten der NaturFreunde-Jugend und dem Gem\u00fcsehof Lehmann zu. Das Gem\u00fcse wurde frisch von Ilona aus \u201eQuerbeet\u201c mitgebracht. Es gab Mair\u00fcbchen-Salat, Penne mit Spinat-Sahne-So\u00dfe und Himbeertraum zum Nachtisch. Der Mair\u00fcbchen-Salat punktete, weil das Gem\u00fcse nicht so bekannt&#8230; <\/p>\n<div class=\"clear\"><\/div>\n<p><a href=\"https:\/\/naturfreunde-bad-emstal.de\/?p=17301\" class=\"excerpt-read-more\">Read More<\/a><\/p>\n","protected":false},"author":15,"featured_media":17303,"comment_status":"open","ping_status":"open","sticky":false,"template":"","format":"standard","meta":{"ngg_post_thumbnail":0,"footnotes":""},"categories":[63,79,51],"tags":[],"class_list":["post-17301","post","type-post","status-publish","format-standard","has-post-thumbnail","hentry","category-archiv","category-kochen","category-news"],"_links":{"self":[{"href":"https:\/\/naturfreunde-bad-emstal.de\/index.php?rest_route=\/wp\/v2\/posts\/17301","targetHints":{"allow":["GET"]}}],"collection":[{"href":"https:\/\/naturfreunde-bad-emstal.de\/index.php?rest_route=\/wp\/v2\/posts"}],"about":[{"href":"https:\/\/naturfreunde-bad-emstal.de\/index.php?rest_route=\/wp\/v2\/types\/post"}],"author":[{"embeddable":true,"href":"https:\/\/naturfreunde-bad-emstal.de\/index.php?rest_route=\/wp\/v2\/users\/15"}],"replies":[{"embeddable":true,"href":"https:\/\/naturfreunde-bad-emstal.de\/index.php?rest_route=%2Fwp%2Fv2%2Fcomments&post=17301"}],"version-history":[{"count":3,"href":"https:\/\/naturfreunde-bad-emstal.de\/index.php?rest_route=\/wp\/v2\/posts\/17301\/revisions"}],"predecessor-version":[{"id":18091,"href":"https:\/\/naturfreunde-bad-emstal.de\/index.php?rest_route=\/wp\/v2\/posts\/17301\/revisions\/18091"}],"wp:featuredmedia":[{"embeddable":true,"href":"https:\/\/naturfreunde-bad-emstal.de\/index.php?rest_route=\/wp\/v2\/media\/17303"}],"wp:attachment":[{"href":"https:\/\/naturfreunde-bad-emstal.de\/index.php?rest_route=%2Fwp%2Fv2%2Fmedia&parent=17301"}],"wp:term":[{"taxonomy":"category","embeddable":true,"href":"https:\/\/naturfreunde-bad-emstal.de\/index.php?rest_route=%2Fwp%2Fv2%2Fcategories&post=17301"},{"taxonomy":"post_tag","embeddable":true,"href":"https:\/\/naturfreunde-bad-emstal.de\/index.php?rest_route=%2Fwp%2Fv2%2Ftags&post=17301"}],"curies":[{"name":"wp","href":"https:\/\/api.w.org\/{rel}","templated":true}]}}