{"id":17339,"date":"2023-06-19T14:55:30","date_gmt":"2023-06-19T14:55:30","guid":{"rendered":"https:\/\/naturfreunde-bad-emstal.de\/?p=17339"},"modified":"2023-06-25T09:56:59","modified_gmt":"2023-06-25T09:56:59","slug":"wir-moechten-einen-prozess-zur-vereinsentwicklung-anstossen","status":"publish","type":"post","link":"https:\/\/naturfreunde-bad-emstal.de\/?p=17339","title":{"rendered":"Wir m\u00f6chten einen Prozess zur Vereinsentwicklung ansto\u00dfen"},"content":{"rendered":"\n<figure class=\"wp-block-image size-large\"><img loading=\"lazy\" decoding=\"async\" width=\"722\" height=\"1024\" src=\"https:\/\/naturfreunde-bad-emstal.de\/wp-content\/uploads\/2023\/06\/signal-2023-06-19-165340_002-722x1024.jpeg\" alt=\"\" class=\"wp-image-17340\" srcset=\"https:\/\/naturfreunde-bad-emstal.de\/wp-content\/uploads\/2023\/06\/signal-2023-06-19-165340_002-722x1024.jpeg 722w, https:\/\/naturfreunde-bad-emstal.de\/wp-content\/uploads\/2023\/06\/signal-2023-06-19-165340_002-211x300.jpeg 211w, https:\/\/naturfreunde-bad-emstal.de\/wp-content\/uploads\/2023\/06\/signal-2023-06-19-165340_002-768x1090.jpeg 768w, https:\/\/naturfreunde-bad-emstal.de\/wp-content\/uploads\/2023\/06\/signal-2023-06-19-165340_002.jpeg 874w\" sizes=\"auto, (max-width: 722px) 100vw, 722px\" \/><\/figure>\n\n\n\n<p>Hallo Miteinander, wie in der Mitgliederversammlung beschlossen, m\u00f6chten wir einen Prozess zur Vereinsentwicklung ansto\u00dfen, um unsere Inhalte zukunftsf\u00e4hig zu gestalten. Alle sind herzlich zu dem ersten Treffen dazu am 24.6. um 16 Uhr in unseren Vereinsraum eingeladen.<br>Euer Tom<\/p>\n","protected":false},"excerpt":{"rendered":"<p>Hallo Miteinander, wie in der Mitgliederversammlung beschlossen, m\u00f6chten wir einen Prozess zur Vereinsentwicklung ansto\u00dfen, um unsere Inhalte zukunftsf\u00e4hig zu gestalten. Alle sind herzlich zu dem ersten Treffen dazu am 24.6. um 16 Uhr in unseren Vereinsraum eingeladen.Euer Tom<\/p>\n","protected":false},"author":7,"featured_media":17340,"comment_status":"open","ping_status":"open","sticky":false,"template":"","format":"standard","meta":{"ngg_post_thumbnail":0,"footnotes":""},"categories":[63],"tags":[],"class_list":["post-17339","post","type-post","status-publish","format-standard","has-post-thumbnail","hentry","category-archiv"],"_links":{"self":[{"href":"https:\/\/naturfreunde-bad-emstal.de\/index.php?rest_route=\/wp\/v2\/posts\/17339","targetHints":{"allow":["GET"]}}],"collection":[{"href":"https:\/\/naturfreunde-bad-emstal.de\/index.php?rest_route=\/wp\/v2\/posts"}],"about":[{"href":"https:\/\/naturfreunde-bad-emstal.de\/index.php?rest_route=\/wp\/v2\/types\/post"}],"author":[{"embeddable":true,"href":"https:\/\/naturfreunde-bad-emstal.de\/index.php?rest_route=\/wp\/v2\/users\/7"}],"replies":[{"embeddable":true,"href":"https:\/\/naturfreunde-bad-emstal.de\/index.php?rest_route=%2Fwp%2Fv2%2Fcomments&post=17339"}],"version-history":[{"count":2,"href":"https:\/\/naturfreunde-bad-emstal.de\/index.php?rest_route=\/wp\/v2\/posts\/17339\/revisions"}],"predecessor-version":[{"id":17342,"href":"https:\/\/naturfreunde-bad-emstal.de\/index.php?rest_route=\/wp\/v2\/posts\/17339\/revisions\/17342"}],"wp:featuredmedia":[{"embeddable":true,"href":"https:\/\/naturfreunde-bad-emstal.de\/index.php?rest_route=\/wp\/v2\/media\/17340"}],"wp:attachment":[{"href":"https:\/\/naturfreunde-bad-emstal.de\/index.php?rest_route=%2Fwp%2Fv2%2Fmedia&parent=17339"}],"wp:term":[{"taxonomy":"category","embeddable":true,"href":"https:\/\/naturfreunde-bad-emstal.de\/index.php?rest_route=%2Fwp%2Fv2%2Fcategories&post=17339"},{"taxonomy":"post_tag","embeddable":true,"href":"https:\/\/naturfreunde-bad-emstal.de\/index.php?rest_route=%2Fwp%2Fv2%2Ftags&post=17339"}],"curies":[{"name":"wp","href":"https:\/\/api.w.org\/{rel}","templated":true}]}}