{"id":17382,"date":"2023-08-14T14:00:21","date_gmt":"2023-08-14T14:00:21","guid":{"rendered":"https:\/\/naturfreunde-bad-emstal.de\/?p=17382"},"modified":"2025-02-28T09:45:52","modified_gmt":"2025-02-28T09:45:52","slug":"treffen-der-kochgruppe-am-10-juli-2023","status":"publish","type":"post","link":"https:\/\/naturfreunde-bad-emstal.de\/?p=17382","title":{"rendered":"Treffen der Kochgruppe am 10. Juli 2023"},"content":{"rendered":"\n<p>Beim vierten Koch-Treff am 10. Juli trafen sich vier K\u00f6chinnen in der K\u00fcche des Naturfreundehauses und bereiteten als Vorspeise einen schwedischen Rote-Bete-Salat zu. Als Hauptgericht hatten wir einen Rezeptvorschlag vom Gem\u00fcsehof Lehmann ausgew\u00e4hlt: Mangold Tagliatelle mit Senf-Sahne-Sauce. Zum Nachtisch gab es Cr\u00eapes mit Marmelade oder Ahornsirup. Diese wurden von Barbara frisch aus der Pfanne gehoben, nachdem wir die ersten beiden G\u00e4nge verspeist hatten.<\/p>\n\n\n\n<p>Wir hatten Gl\u00fcck, dass das Wetter sch\u00f6n war, so dass wir drau\u00dfen in der Sonne essen konnten. Als G\u00e4ste luden wir uns zwei gestandene M\u00e4nner und einen Jungen ein, die gerade im Haus Arbeiten verrichteten. Kater Sammy sa\u00df auch schon erwartungsvoll auf der Bank, verschm\u00e4hte jedoch unsere vegetarischen Angebote. Bei unseren m\u00e4nnlichen G\u00e4sten kamen die Cr\u00eapes jedenfalls gut an.<\/p>\n\n\n\n<p>Das n\u00e4chste Treffen ist am 4. September. Zu der Zeit bin ich im Urlaub. Wer mich mit der Vorbereitung vertreten m\u00f6chte, nimmt bitte telefonisch oder per App Kontakt mit den anderen K\u00f6chen auf, so dass ein leckeres Men\u00fc zustande kommt.<\/p>\n\n\n\n<p>Viel Freude beim Kochen w\u00fcnscht<\/p>\n\n\n\n<p>Gabi Raabe<\/p>\n\n\n\n<figure class=\"wp-block-image size-large\"><img loading=\"lazy\" decoding=\"async\" width=\"768\" height=\"1024\" src=\"https:\/\/naturfreunde-bad-emstal.de\/wp-content\/uploads\/2023\/08\/Vorspeise-768x1024.jpeg\" alt=\"\" class=\"wp-image-17387\" srcset=\"https:\/\/naturfreunde-bad-emstal.de\/wp-content\/uploads\/2023\/08\/Vorspeise-768x1024.jpeg 768w, https:\/\/naturfreunde-bad-emstal.de\/wp-content\/uploads\/2023\/08\/Vorspeise-225x300.jpeg 225w, https:\/\/naturfreunde-bad-emstal.de\/wp-content\/uploads\/2023\/08\/Vorspeise-1152x1536.jpeg 1152w, https:\/\/naturfreunde-bad-emstal.de\/wp-content\/uploads\/2023\/08\/Vorspeise.jpeg 1536w\" sizes=\"auto, (max-width: 768px) 100vw, 768px\" \/><figcaption class=\"wp-element-caption\">Vorspeise<\/figcaption><\/figure>\n\n\n\n<figure class=\"wp-block-image size-large\"><img loading=\"lazy\" decoding=\"async\" width=\"768\" height=\"1024\" src=\"https:\/\/naturfreunde-bad-emstal.de\/wp-content\/uploads\/2023\/08\/Hauptspeise-768x1024.jpeg\" alt=\"\" class=\"wp-image-17383\" srcset=\"https:\/\/naturfreunde-bad-emstal.de\/wp-content\/uploads\/2023\/08\/Hauptspeise-768x1024.jpeg 768w, https:\/\/naturfreunde-bad-emstal.de\/wp-content\/uploads\/2023\/08\/Hauptspeise-225x300.jpeg 225w, https:\/\/naturfreunde-bad-emstal.de\/wp-content\/uploads\/2023\/08\/Hauptspeise-1152x1536.jpeg 1152w, https:\/\/naturfreunde-bad-emstal.de\/wp-content\/uploads\/2023\/08\/Hauptspeise.jpeg 1536w\" sizes=\"auto, (max-width: 768px) 100vw, 768px\" \/><figcaption class=\"wp-element-caption\">Hauptspeise<\/figcaption><\/figure>\n\n\n\n<figure class=\"wp-block-image size-large\"><img loading=\"lazy\" decoding=\"async\" width=\"1024\" height=\"768\" src=\"https:\/\/naturfreunde-bad-emstal.de\/wp-content\/uploads\/2023\/08\/Nachspeise-1024x768.jpeg\" alt=\"\" class=\"wp-image-17385\" srcset=\"https:\/\/naturfreunde-bad-emstal.de\/wp-content\/uploads\/2023\/08\/Nachspeise-1024x768.jpeg 1024w, https:\/\/naturfreunde-bad-emstal.de\/wp-content\/uploads\/2023\/08\/Nachspeise-300x225.jpeg 300w, https:\/\/naturfreunde-bad-emstal.de\/wp-content\/uploads\/2023\/08\/Nachspeise-768x576.jpeg 768w, https:\/\/naturfreunde-bad-emstal.de\/wp-content\/uploads\/2023\/08\/Nachspeise-1536x1152.jpeg 1536w, https:\/\/naturfreunde-bad-emstal.de\/wp-content\/uploads\/2023\/08\/Nachspeise-400x300.jpeg 400w, https:\/\/naturfreunde-bad-emstal.de\/wp-content\/uploads\/2023\/08\/Nachspeise.jpeg 2048w\" sizes=\"auto, (max-width: 1024px) 100vw, 1024px\" \/><figcaption class=\"wp-element-caption\">Nachspeise<\/figcaption><\/figure>\n\n\n\n<figure class=\"wp-block-image size-large\"><img loading=\"lazy\" decoding=\"async\" width=\"1024\" height=\"768\" src=\"https:\/\/naturfreunde-bad-emstal.de\/wp-content\/uploads\/2023\/08\/image-1-1024x768.jpeg\" alt=\"\" class=\"wp-image-17384\" srcset=\"https:\/\/naturfreunde-bad-emstal.de\/wp-content\/uploads\/2023\/08\/image-1-1024x768.jpeg 1024w, https:\/\/naturfreunde-bad-emstal.de\/wp-content\/uploads\/2023\/08\/image-1-300x225.jpeg 300w, https:\/\/naturfreunde-bad-emstal.de\/wp-content\/uploads\/2023\/08\/image-1-768x576.jpeg 768w, https:\/\/naturfreunde-bad-emstal.de\/wp-content\/uploads\/2023\/08\/image-1-1536x1152.jpeg 1536w, https:\/\/naturfreunde-bad-emstal.de\/wp-content\/uploads\/2023\/08\/image-1-400x300.jpeg 400w, https:\/\/naturfreunde-bad-emstal.de\/wp-content\/uploads\/2023\/08\/image-1.jpeg 2048w\" sizes=\"auto, (max-width: 1024px) 100vw, 1024px\" \/><figcaption class=\"wp-element-caption\">Kater Sammy sa\u00df auch schon erwartungsvoll auf der Bank &#8230;&#8230;&#8230;.<\/figcaption><\/figure>\n\n\n\n<p><\/p>\n","protected":false},"excerpt":{"rendered":"<p>Beim vierten Koch-Treff am 10. Juli trafen sich vier K\u00f6chinnen in der K\u00fcche des Naturfreundehauses und bereiteten als Vorspeise einen schwedischen Rote-Bete-Salat zu. Als Hauptgericht hatten wir einen Rezeptvorschlag vom Gem\u00fcsehof Lehmann ausgew\u00e4hlt: Mangold Tagliatelle mit Senf-Sahne-Sauce. Zum Nachtisch gab es Cr\u00eapes mit Marmelade oder Ahornsirup. Diese wurden von Barbara frisch aus der Pfanne gehoben,&#8230; <\/p>\n<div class=\"clear\"><\/div>\n<p><a href=\"https:\/\/naturfreunde-bad-emstal.de\/?p=17382\" class=\"excerpt-read-more\">Read More<\/a><\/p>\n","protected":false},"author":15,"featured_media":17387,"comment_status":"open","ping_status":"open","sticky":false,"template":"","format":"standard","meta":{"ngg_post_thumbnail":0,"footnotes":""},"categories":[63,75,79,51],"tags":[],"class_list":["post-17382","post","type-post","status-publish","format-standard","has-post-thumbnail","hentry","category-archiv","category-fachgruppen","category-kochen","category-news"],"_links":{"self":[{"href":"https:\/\/naturfreunde-bad-emstal.de\/index.php?rest_route=\/wp\/v2\/posts\/17382","targetHints":{"allow":["GET"]}}],"collection":[{"href":"https:\/\/naturfreunde-bad-emstal.de\/index.php?rest_route=\/wp\/v2\/posts"}],"about":[{"href":"https:\/\/naturfreunde-bad-emstal.de\/index.php?rest_route=\/wp\/v2\/types\/post"}],"author":[{"embeddable":true,"href":"https:\/\/naturfreunde-bad-emstal.de\/index.php?rest_route=\/wp\/v2\/users\/15"}],"replies":[{"embeddable":true,"href":"https:\/\/naturfreunde-bad-emstal.de\/index.php?rest_route=%2Fwp%2Fv2%2Fcomments&post=17382"}],"version-history":[{"count":3,"href":"https:\/\/naturfreunde-bad-emstal.de\/index.php?rest_route=\/wp\/v2\/posts\/17382\/revisions"}],"predecessor-version":[{"id":18084,"href":"https:\/\/naturfreunde-bad-emstal.de\/index.php?rest_route=\/wp\/v2\/posts\/17382\/revisions\/18084"}],"wp:featuredmedia":[{"embeddable":true,"href":"https:\/\/naturfreunde-bad-emstal.de\/index.php?rest_route=\/wp\/v2\/media\/17387"}],"wp:attachment":[{"href":"https:\/\/naturfreunde-bad-emstal.de\/index.php?rest_route=%2Fwp%2Fv2%2Fmedia&parent=17382"}],"wp:term":[{"taxonomy":"category","embeddable":true,"href":"https:\/\/naturfreunde-bad-emstal.de\/index.php?rest_route=%2Fwp%2Fv2%2Fcategories&post=17382"},{"taxonomy":"post_tag","embeddable":true,"href":"https:\/\/naturfreunde-bad-emstal.de\/index.php?rest_route=%2Fwp%2Fv2%2Ftags&post=17382"}],"curies":[{"name":"wp","href":"https:\/\/api.w.org\/{rel}","templated":true}]}}