{"id":17430,"date":"2023-09-23T16:45:09","date_gmt":"2023-09-23T16:45:09","guid":{"rendered":"https:\/\/naturfreunde-bad-emstal.de\/?p=17430"},"modified":"2023-09-23T16:45:11","modified_gmt":"2023-09-23T16:45:11","slug":"apfelsaftaktion-mit-den-vorschulkindern-vom-kindergarten-hummelnest","status":"publish","type":"post","link":"https:\/\/naturfreunde-bad-emstal.de\/?p=17430","title":{"rendered":"Apfelsaftaktion mit den Vorschulkindern vom Kindergarten Hummelnest"},"content":{"rendered":"\n<p>14 Vorschulkinder aus dem Kindergarten Hummelnest trafen sich am Backhaus der NaturFreunde um die vorher gepfl\u00fcckten \u00c4pfel zu verwerten. Die \u00c4pfel wurden gewaschen, gest\u00fcckelt und mit einer K\u00fcchenmaschine zerkleinert, hier wurde den Kindern das erste Mal bewusst, welche Arbeit es macht, um Saft zu bekommen.<\/p>\n\n\n\n<p>Die zerkleinerten \u00c4pfel wurden in der Obstpresse ausgepresst, die Kinder konnten es kaum erwarten bis der erste Tropfen Saft herauskam.<\/p>\n\n\n\n<p>Voller Freude hielt jedes Kind seine Tasse an den Ablauf der Obstpresse, dann prosteten sie sich mit dem frisch gepressten Apfelsaft zu.<\/p>\n\n\n\n<p><\/p>\n\n\n\n<figure class=\"wp-block-video\"><video height=\"1280\" style=\"aspect-ratio: 720 \/ 1280;\" width=\"720\" controls src=\"https:\/\/naturfreunde-bad-emstal.de\/wp-content\/uploads\/2023\/09\/signal-2023-09-21-11-41-48-876.mp4\"><\/video><\/figure>\n\n\n\n<figure class=\"wp-block-image size-full\"><img loading=\"lazy\" decoding=\"async\" width=\"360\" height=\"480\" src=\"https:\/\/naturfreunde-bad-emstal.de\/wp-content\/uploads\/2023\/09\/MVIMG_20230921_095923.jpg\" alt=\"\" class=\"wp-image-17432\" srcset=\"https:\/\/naturfreunde-bad-emstal.de\/wp-content\/uploads\/2023\/09\/MVIMG_20230921_095923.jpg 360w, https:\/\/naturfreunde-bad-emstal.de\/wp-content\/uploads\/2023\/09\/MVIMG_20230921_095923-225x300.jpg 225w\" sizes=\"auto, (max-width: 360px) 100vw, 360px\" \/><\/figure>\n\n\n\n<figure class=\"wp-block-image size-full\"><img loading=\"lazy\" decoding=\"async\" width=\"360\" height=\"480\" src=\"https:\/\/naturfreunde-bad-emstal.de\/wp-content\/uploads\/2023\/09\/MVIMG_20230921_100942.jpg\" alt=\"\" class=\"wp-image-17433\" srcset=\"https:\/\/naturfreunde-bad-emstal.de\/wp-content\/uploads\/2023\/09\/MVIMG_20230921_100942.jpg 360w, https:\/\/naturfreunde-bad-emstal.de\/wp-content\/uploads\/2023\/09\/MVIMG_20230921_100942-225x300.jpg 225w\" sizes=\"auto, (max-width: 360px) 100vw, 360px\" \/><\/figure>\n\n\n\n<figure class=\"wp-block-image size-full\"><img loading=\"lazy\" decoding=\"async\" width=\"480\" height=\"640\" src=\"https:\/\/naturfreunde-bad-emstal.de\/wp-content\/uploads\/2023\/09\/MVIMG_20230921_111647.jpg\" alt=\"\" class=\"wp-image-17434\" srcset=\"https:\/\/naturfreunde-bad-emstal.de\/wp-content\/uploads\/2023\/09\/MVIMG_20230921_111647.jpg 480w, https:\/\/naturfreunde-bad-emstal.de\/wp-content\/uploads\/2023\/09\/MVIMG_20230921_111647-225x300.jpg 225w\" sizes=\"auto, (max-width: 480px) 100vw, 480px\" \/><\/figure>\n","protected":false},"excerpt":{"rendered":"<p>14 Vorschulkinder aus dem Kindergarten Hummelnest trafen sich am Backhaus der NaturFreunde um die vorher gepfl\u00fcckten \u00c4pfel zu verwerten. Die \u00c4pfel wurden gewaschen, gest\u00fcckelt und mit einer K\u00fcchenmaschine zerkleinert, hier wurde den Kindern das erste Mal bewusst, welche Arbeit es macht, um Saft zu bekommen. Die zerkleinerten \u00c4pfel wurden in der Obstpresse ausgepresst, die Kinder&#8230; <\/p>\n<div class=\"clear\"><\/div>\n<p><a href=\"https:\/\/naturfreunde-bad-emstal.de\/?p=17430\" class=\"excerpt-read-more\">Read More<\/a><\/p>\n","protected":false},"author":9,"featured_media":17434,"comment_status":"open","ping_status":"open","sticky":false,"template":"","format":"standard","meta":{"ngg_post_thumbnail":0,"footnotes":""},"categories":[63,78,51],"tags":[],"class_list":["post-17430","post","type-post","status-publish","format-standard","has-post-thumbnail","hentry","category-archiv","category-kindergruppen","category-news"],"_links":{"self":[{"href":"https:\/\/naturfreunde-bad-emstal.de\/index.php?rest_route=\/wp\/v2\/posts\/17430","targetHints":{"allow":["GET"]}}],"collection":[{"href":"https:\/\/naturfreunde-bad-emstal.de\/index.php?rest_route=\/wp\/v2\/posts"}],"about":[{"href":"https:\/\/naturfreunde-bad-emstal.de\/index.php?rest_route=\/wp\/v2\/types\/post"}],"author":[{"embeddable":true,"href":"https:\/\/naturfreunde-bad-emstal.de\/index.php?rest_route=\/wp\/v2\/users\/9"}],"replies":[{"embeddable":true,"href":"https:\/\/naturfreunde-bad-emstal.de\/index.php?rest_route=%2Fwp%2Fv2%2Fcomments&post=17430"}],"version-history":[{"count":2,"href":"https:\/\/naturfreunde-bad-emstal.de\/index.php?rest_route=\/wp\/v2\/posts\/17430\/revisions"}],"predecessor-version":[{"id":17436,"href":"https:\/\/naturfreunde-bad-emstal.de\/index.php?rest_route=\/wp\/v2\/posts\/17430\/revisions\/17436"}],"wp:featuredmedia":[{"embeddable":true,"href":"https:\/\/naturfreunde-bad-emstal.de\/index.php?rest_route=\/wp\/v2\/media\/17434"}],"wp:attachment":[{"href":"https:\/\/naturfreunde-bad-emstal.de\/index.php?rest_route=%2Fwp%2Fv2%2Fmedia&parent=17430"}],"wp:term":[{"taxonomy":"category","embeddable":true,"href":"https:\/\/naturfreunde-bad-emstal.de\/index.php?rest_route=%2Fwp%2Fv2%2Fcategories&post=17430"},{"taxonomy":"post_tag","embeddable":true,"href":"https:\/\/naturfreunde-bad-emstal.de\/index.php?rest_route=%2Fwp%2Fv2%2Ftags&post=17430"}],"curies":[{"name":"wp","href":"https:\/\/api.w.org\/{rel}","templated":true}]}}