{"id":17495,"date":"2023-11-13T15:54:27","date_gmt":"2023-11-13T15:54:27","guid":{"rendered":"https:\/\/naturfreunde-bad-emstal.de\/?p=17495"},"modified":"2023-11-13T15:54:28","modified_gmt":"2023-11-13T15:54:28","slug":"naturfreundewanderung-von-ermetheis-nach-sand-am-26-11-2023","status":"publish","type":"post","link":"https:\/\/naturfreunde-bad-emstal.de\/?p=17495","title":{"rendered":"Naturfreundewanderung von Ermetheis nach Sand am 26.11.2023"},"content":{"rendered":"\n<p>Liebe Mitglieder, liebe G\u00e4ste,<\/p>\n\n\n\n<p>am Sonntag, den 26.11.2023 findet unsere Wanderung von Ermetheis nach Sand statt. Ihr seit alle herzlich eingeladen.<\/p>\n\n\n\n<p>Wir treffen uns auf dem Parkplatz hinter der Kasseler Sparkasse und fahren dort p\u00fcnktlich um 10:00 Uhr zum Startpunkt in <a href=\"https:\/\/maps.app.goo.gl\/jLt3UXs6nHx6uUR68\">Ermetheis am Wanderparkplatz Bilsteinblick<\/a><\/p>\n\n\n\n<p>Es besteht die M\u00f6glichkeit mit dem B\u00fcrgerbus dorthin zu fahren. Dazu ben\u00f6tigen wir eure Anmeldung bis zum 23.11.2023. Anmeldung bitte per E-Mail an Ilona Stephan <a href=\"mailto:ilonainge.stephan@gmail.com\">ilonainge.stephan@gmail.com<\/a> senden<\/p>\n\n\n\n<p>Die Tour ist mittelschwer, 10,4 km lang und dauert ca. 3,5 Stunden. Eine detaillierte Komoot-Tourenkarte findet ihr unter <a href=\"https:\/\/www.komoot.de\/tour\/1373914095\">https:\/\/www.komoot.de\/tour\/1373914095<\/a><\/p>\n\n\n\n<p>Der Weg f\u00fchrt vorwiegend \u00fcber naturbelassene Pfade. Deshalb sind feste Schuhe gerade bei dem derzeitigen Wetter unbedingt notwendig, St\u00f6cke sind sehr zu empfehlen.<\/p>\n\n\n\n<figure class=\"wp-block-image size-full\"><img loading=\"lazy\" decoding=\"async\" width=\"630\" height=\"427\" src=\"https:\/\/naturfreunde-bad-emstal.de\/wp-content\/uploads\/2023\/11\/Bild1.png\" alt=\"\" class=\"wp-image-17496\" srcset=\"https:\/\/naturfreunde-bad-emstal.de\/wp-content\/uploads\/2023\/11\/Bild1.png 630w, https:\/\/naturfreunde-bad-emstal.de\/wp-content\/uploads\/2023\/11\/Bild1-300x203.png 300w\" sizes=\"auto, (max-width: 630px) 100vw, 630px\" \/><\/figure>\n","protected":false},"excerpt":{"rendered":"<p>Liebe Mitglieder, liebe G\u00e4ste, am Sonntag, den 26.11.2023 findet unsere Wanderung von Ermetheis nach Sand statt. Ihr seit alle herzlich eingeladen. Wir treffen uns auf dem Parkplatz hinter der Kasseler Sparkasse und fahren dort p\u00fcnktlich um 10:00 Uhr zum Startpunkt in Ermetheis am Wanderparkplatz Bilsteinblick Es besteht die M\u00f6glichkeit mit dem B\u00fcrgerbus dorthin zu fahren&#8230;. <\/p>\n<div class=\"clear\"><\/div>\n<p><a href=\"https:\/\/naturfreunde-bad-emstal.de\/?p=17495\" class=\"excerpt-read-more\">Read More<\/a><\/p>\n","protected":false},"author":4,"featured_media":17496,"comment_status":"open","ping_status":"open","sticky":false,"template":"","format":"standard","meta":{"ngg_post_thumbnail":0,"footnotes":""},"categories":[63,51,74],"tags":[],"class_list":["post-17495","post","type-post","status-publish","format-standard","has-post-thumbnail","hentry","category-archiv","category-news","category-wandern"],"_links":{"self":[{"href":"https:\/\/naturfreunde-bad-emstal.de\/index.php?rest_route=\/wp\/v2\/posts\/17495","targetHints":{"allow":["GET"]}}],"collection":[{"href":"https:\/\/naturfreunde-bad-emstal.de\/index.php?rest_route=\/wp\/v2\/posts"}],"about":[{"href":"https:\/\/naturfreunde-bad-emstal.de\/index.php?rest_route=\/wp\/v2\/types\/post"}],"author":[{"embeddable":true,"href":"https:\/\/naturfreunde-bad-emstal.de\/index.php?rest_route=\/wp\/v2\/users\/4"}],"replies":[{"embeddable":true,"href":"https:\/\/naturfreunde-bad-emstal.de\/index.php?rest_route=%2Fwp%2Fv2%2Fcomments&post=17495"}],"version-history":[{"count":2,"href":"https:\/\/naturfreunde-bad-emstal.de\/index.php?rest_route=\/wp\/v2\/posts\/17495\/revisions"}],"predecessor-version":[{"id":17498,"href":"https:\/\/naturfreunde-bad-emstal.de\/index.php?rest_route=\/wp\/v2\/posts\/17495\/revisions\/17498"}],"wp:featuredmedia":[{"embeddable":true,"href":"https:\/\/naturfreunde-bad-emstal.de\/index.php?rest_route=\/wp\/v2\/media\/17496"}],"wp:attachment":[{"href":"https:\/\/naturfreunde-bad-emstal.de\/index.php?rest_route=%2Fwp%2Fv2%2Fmedia&parent=17495"}],"wp:term":[{"taxonomy":"category","embeddable":true,"href":"https:\/\/naturfreunde-bad-emstal.de\/index.php?rest_route=%2Fwp%2Fv2%2Fcategories&post=17495"},{"taxonomy":"post_tag","embeddable":true,"href":"https:\/\/naturfreunde-bad-emstal.de\/index.php?rest_route=%2Fwp%2Fv2%2Ftags&post=17495"}],"curies":[{"name":"wp","href":"https:\/\/api.w.org\/{rel}","templated":true}]}}