{"id":17508,"date":"2023-11-17T10:48:49","date_gmt":"2023-11-17T10:48:49","guid":{"rendered":"https:\/\/naturfreunde-bad-emstal.de\/?p=17508"},"modified":"2023-11-17T10:50:55","modified_gmt":"2023-11-17T10:50:55","slug":"gedenkveranstaltung-kriegsgraeberstaette","status":"publish","type":"post","link":"https:\/\/naturfreunde-bad-emstal.de\/?p=17508","title":{"rendered":"Gedenkveranstaltung Kriegsgr\u00e4berst\u00e4tte"},"content":{"rendered":"\n<p>Anl\u00e4sslich des Volkstrauertages nehmen wir an der Gedenkstunde an der Kriegsgr\u00e4berst\u00e4tte Bad Emstal teil. Die Veranstaltung stellt sich der Frage &#8222;Was ist Frieden in dieser unfriedlichen Welt&#8220; und wird mit Texten und Gedichten von Sch\u00fclerinnen und Sch\u00fclern der CBS begleitet.<br>Wir treffen uns um am 19.11.2023 um 13:15 Uhr am Naturfreundehaus und laufen von da aus los. Die Gemeinde bietet unter 05624-999720 einen Shuttle Service an.<\/p>\n\n\n\n<p><br><br><\/p>\n\n\n\n<figure class=\"wp-block-image size-full\"><img loading=\"lazy\" decoding=\"async\" width=\"520\" height=\"325\" src=\"https:\/\/naturfreunde-bad-emstal.de\/wp-content\/uploads\/2023\/11\/Kriegsgraeberstaette.jpg\" alt=\"\" class=\"wp-image-17509\" srcset=\"https:\/\/naturfreunde-bad-emstal.de\/wp-content\/uploads\/2023\/11\/Kriegsgraeberstaette.jpg 520w, https:\/\/naturfreunde-bad-emstal.de\/wp-content\/uploads\/2023\/11\/Kriegsgraeberstaette-300x188.jpg 300w\" sizes=\"auto, (max-width: 520px) 100vw, 520px\" \/><\/figure>\n","protected":false},"excerpt":{"rendered":"<p>Anl\u00e4sslich des Volkstrauertages nehmen wir an der Gedenkstunde an der Kriegsgr\u00e4berst\u00e4tte Bad Emstal teil. Die Veranstaltung stellt sich der Frage &#8222;Was ist Frieden in dieser unfriedlichen Welt&#8220; und wird mit Texten und Gedichten von Sch\u00fclerinnen und Sch\u00fclern der CBS begleitet.Wir treffen uns um am 19.11.2023 um 13:15 Uhr am Naturfreundehaus und laufen von da aus&#8230; <\/p>\n<div class=\"clear\"><\/div>\n<p><a href=\"https:\/\/naturfreunde-bad-emstal.de\/?p=17508\" class=\"excerpt-read-more\">Read More<\/a><\/p>\n","protected":false},"author":7,"featured_media":17509,"comment_status":"open","ping_status":"open","sticky":false,"template":"","format":"standard","meta":{"ngg_post_thumbnail":0,"footnotes":""},"categories":[63,51],"tags":[],"class_list":["post-17508","post","type-post","status-publish","format-standard","has-post-thumbnail","hentry","category-archiv","category-news"],"_links":{"self":[{"href":"https:\/\/naturfreunde-bad-emstal.de\/index.php?rest_route=\/wp\/v2\/posts\/17508","targetHints":{"allow":["GET"]}}],"collection":[{"href":"https:\/\/naturfreunde-bad-emstal.de\/index.php?rest_route=\/wp\/v2\/posts"}],"about":[{"href":"https:\/\/naturfreunde-bad-emstal.de\/index.php?rest_route=\/wp\/v2\/types\/post"}],"author":[{"embeddable":true,"href":"https:\/\/naturfreunde-bad-emstal.de\/index.php?rest_route=\/wp\/v2\/users\/7"}],"replies":[{"embeddable":true,"href":"https:\/\/naturfreunde-bad-emstal.de\/index.php?rest_route=%2Fwp%2Fv2%2Fcomments&post=17508"}],"version-history":[{"count":4,"href":"https:\/\/naturfreunde-bad-emstal.de\/index.php?rest_route=\/wp\/v2\/posts\/17508\/revisions"}],"predecessor-version":[{"id":17513,"href":"https:\/\/naturfreunde-bad-emstal.de\/index.php?rest_route=\/wp\/v2\/posts\/17508\/revisions\/17513"}],"wp:featuredmedia":[{"embeddable":true,"href":"https:\/\/naturfreunde-bad-emstal.de\/index.php?rest_route=\/wp\/v2\/media\/17509"}],"wp:attachment":[{"href":"https:\/\/naturfreunde-bad-emstal.de\/index.php?rest_route=%2Fwp%2Fv2%2Fmedia&parent=17508"}],"wp:term":[{"taxonomy":"category","embeddable":true,"href":"https:\/\/naturfreunde-bad-emstal.de\/index.php?rest_route=%2Fwp%2Fv2%2Fcategories&post=17508"},{"taxonomy":"post_tag","embeddable":true,"href":"https:\/\/naturfreunde-bad-emstal.de\/index.php?rest_route=%2Fwp%2Fv2%2Ftags&post=17508"}],"curies":[{"name":"wp","href":"https:\/\/api.w.org\/{rel}","templated":true}]}}