{"id":17514,"date":"2023-11-23T16:11:17","date_gmt":"2023-11-23T16:11:17","guid":{"rendered":"https:\/\/naturfreunde-bad-emstal.de\/?p=17514"},"modified":"2025-02-13T09:50:46","modified_gmt":"2025-02-13T09:50:46","slug":"treffen-der-kochgruppe-am-13-november-2023","status":"publish","type":"post","link":"https:\/\/naturfreunde-bad-emstal.de\/?p=17514","title":{"rendered":"Treffen der Kochgruppe am 13. November 2023"},"content":{"rendered":"\n<p>Zu unserem 5. Koch-Treff in diesem Jahr kamen drei K\u00f6chinnen in der K\u00fcche des Naturfreundehauses zusammen und hatten alle H\u00e4nde voll zu tun, das Gem\u00fcse und das Obst zu sch\u00e4len und zu schnippeln.<\/p>\n\n\n\n<p>Die Vorspeise war ein gesunder Topinambur-Salat mit Knoblauch und Petersilie. Das Hauptgericht, ein K\u00fcrbis-Curry, von dem man nicht genug kriegen konnte, war Ilonas Idee. Dazu gab es eine fein gew\u00fcrzte Polenta von Barbara. Das Men\u00fc schloss mit Birnen in Rotwein nach Madame Prunier, Paris.<\/p>\n\n\n\n<p>Als Gast luden wir uns Erika Ochse ein, die am Vortag ihren achtzigsten Geburtstag feiern konnte. Aufgrund der Rotwein-Birnen und des guten Essens hatten wir Spa\u00df und es war ein sch\u00f6ner Abend.<\/p>\n\n\n\n<p>Unser n\u00e4chstes Treffen ist am 11. Dezember und wir haben \u00fcberlegt, anl\u00e4sslich des Weihnachtsmonats frische Forellen von der Emsquelle zu holen. Wenn ihr das gut findet oder andere Vorschl\u00e4ge habt, lasst es mich wissen.<\/p>\n\n\n\n<figure class=\"wp-block-image size-large\"><img loading=\"lazy\" decoding=\"async\" width=\"1024\" height=\"768\" src=\"https:\/\/naturfreunde-bad-emstal.de\/wp-content\/uploads\/2023\/11\/Vorspeise-1024x768.jpeg\" alt=\"\" class=\"wp-image-17515\" srcset=\"https:\/\/naturfreunde-bad-emstal.de\/wp-content\/uploads\/2023\/11\/Vorspeise-1024x768.jpeg 1024w, https:\/\/naturfreunde-bad-emstal.de\/wp-content\/uploads\/2023\/11\/Vorspeise-300x225.jpeg 300w, https:\/\/naturfreunde-bad-emstal.de\/wp-content\/uploads\/2023\/11\/Vorspeise-768x576.jpeg 768w, https:\/\/naturfreunde-bad-emstal.de\/wp-content\/uploads\/2023\/11\/Vorspeise-1536x1152.jpeg 1536w, https:\/\/naturfreunde-bad-emstal.de\/wp-content\/uploads\/2023\/11\/Vorspeise-400x300.jpeg 400w, https:\/\/naturfreunde-bad-emstal.de\/wp-content\/uploads\/2023\/11\/Vorspeise.jpeg 2048w\" sizes=\"auto, (max-width: 1024px) 100vw, 1024px\" \/><figcaption class=\"wp-element-caption\">Unsere Vorspeise<\/figcaption><\/figure>\n\n\n\n<figure class=\"wp-block-image size-large\"><img loading=\"lazy\" decoding=\"async\" width=\"768\" height=\"1024\" src=\"https:\/\/naturfreunde-bad-emstal.de\/wp-content\/uploads\/2023\/11\/Hauptspeise-768x1024.jpeg\" alt=\"\" class=\"wp-image-17516\" srcset=\"https:\/\/naturfreunde-bad-emstal.de\/wp-content\/uploads\/2023\/11\/Hauptspeise-768x1024.jpeg 768w, https:\/\/naturfreunde-bad-emstal.de\/wp-content\/uploads\/2023\/11\/Hauptspeise-225x300.jpeg 225w, https:\/\/naturfreunde-bad-emstal.de\/wp-content\/uploads\/2023\/11\/Hauptspeise-1152x1536.jpeg 1152w, https:\/\/naturfreunde-bad-emstal.de\/wp-content\/uploads\/2023\/11\/Hauptspeise.jpeg 1536w\" sizes=\"auto, (max-width: 768px) 100vw, 768px\" \/><figcaption class=\"wp-element-caption\">Der Hauptgang<\/figcaption><\/figure>\n\n\n\n<figure class=\"wp-block-image size-large\"><img loading=\"lazy\" decoding=\"async\" width=\"768\" height=\"1024\" src=\"https:\/\/naturfreunde-bad-emstal.de\/wp-content\/uploads\/2023\/11\/Nachspeise-768x1024.jpeg\" alt=\"\" class=\"wp-image-17517\" srcset=\"https:\/\/naturfreunde-bad-emstal.de\/wp-content\/uploads\/2023\/11\/Nachspeise-768x1024.jpeg 768w, https:\/\/naturfreunde-bad-emstal.de\/wp-content\/uploads\/2023\/11\/Nachspeise-225x300.jpeg 225w, https:\/\/naturfreunde-bad-emstal.de\/wp-content\/uploads\/2023\/11\/Nachspeise-1152x1536.jpeg 1152w, https:\/\/naturfreunde-bad-emstal.de\/wp-content\/uploads\/2023\/11\/Nachspeise.jpeg 1536w\" sizes=\"auto, (max-width: 768px) 100vw, 768px\" \/><figcaption class=\"wp-element-caption\">Die Nachspeise<\/figcaption><\/figure>\n","protected":false},"excerpt":{"rendered":"<p>Zu unserem 5. Koch-Treff in diesem Jahr kamen drei K\u00f6chinnen in der K\u00fcche des Naturfreundehauses zusammen und hatten alle H\u00e4nde voll zu tun, das Gem\u00fcse und das Obst zu sch\u00e4len und zu schnippeln. Die Vorspeise war ein gesunder Topinambur-Salat mit Knoblauch und Petersilie. Das Hauptgericht, ein K\u00fcrbis-Curry, von dem man nicht genug kriegen konnte, war&#8230; <\/p>\n<div class=\"clear\"><\/div>\n<p><a href=\"https:\/\/naturfreunde-bad-emstal.de\/?p=17514\" class=\"excerpt-read-more\">Read More<\/a><\/p>\n","protected":false},"author":15,"featured_media":17516,"comment_status":"open","ping_status":"open","sticky":false,"template":"","format":"standard","meta":{"ngg_post_thumbnail":0,"footnotes":""},"categories":[63,79,51],"tags":[],"class_list":["post-17514","post","type-post","status-publish","format-standard","has-post-thumbnail","hentry","category-archiv","category-kochen","category-news"],"_links":{"self":[{"href":"https:\/\/naturfreunde-bad-emstal.de\/index.php?rest_route=\/wp\/v2\/posts\/17514","targetHints":{"allow":["GET"]}}],"collection":[{"href":"https:\/\/naturfreunde-bad-emstal.de\/index.php?rest_route=\/wp\/v2\/posts"}],"about":[{"href":"https:\/\/naturfreunde-bad-emstal.de\/index.php?rest_route=\/wp\/v2\/types\/post"}],"author":[{"embeddable":true,"href":"https:\/\/naturfreunde-bad-emstal.de\/index.php?rest_route=\/wp\/v2\/users\/15"}],"replies":[{"embeddable":true,"href":"https:\/\/naturfreunde-bad-emstal.de\/index.php?rest_route=%2Fwp%2Fv2%2Fcomments&post=17514"}],"version-history":[{"count":5,"href":"https:\/\/naturfreunde-bad-emstal.de\/index.php?rest_route=\/wp\/v2\/posts\/17514\/revisions"}],"predecessor-version":[{"id":18067,"href":"https:\/\/naturfreunde-bad-emstal.de\/index.php?rest_route=\/wp\/v2\/posts\/17514\/revisions\/18067"}],"wp:featuredmedia":[{"embeddable":true,"href":"https:\/\/naturfreunde-bad-emstal.de\/index.php?rest_route=\/wp\/v2\/media\/17516"}],"wp:attachment":[{"href":"https:\/\/naturfreunde-bad-emstal.de\/index.php?rest_route=%2Fwp%2Fv2%2Fmedia&parent=17514"}],"wp:term":[{"taxonomy":"category","embeddable":true,"href":"https:\/\/naturfreunde-bad-emstal.de\/index.php?rest_route=%2Fwp%2Fv2%2Fcategories&post=17514"},{"taxonomy":"post_tag","embeddable":true,"href":"https:\/\/naturfreunde-bad-emstal.de\/index.php?rest_route=%2Fwp%2Fv2%2Ftags&post=17514"}],"curies":[{"name":"wp","href":"https:\/\/api.w.org\/{rel}","templated":true}]}}