{"id":17557,"date":"2023-12-21T14:12:12","date_gmt":"2023-12-21T14:12:12","guid":{"rendered":"https:\/\/naturfreunde-bad-emstal.de\/?p=17557"},"modified":"2024-01-07T17:11:33","modified_gmt":"2024-01-07T17:11:33","slug":"wanderung-zwischen-den-jahren-am-29-dezember-2023-mit-anschliessendem-lagerfeuer-am-naturfreundehaus","status":"publish","type":"post","link":"https:\/\/naturfreunde-bad-emstal.de\/?p=17557","title":{"rendered":"Wanderung zwischen den Jahren am 29. Dezember 2023 mit anschlie\u00dfendem Lagerfeuer am Naturfreundehaus"},"content":{"rendered":"\n<p>Wir treffen uns zur Bildung von Fahrgemeinschaften um 12:30 Uhr am Naturfreundehaus. Von dort geht es mit dem Auto zum Startpunkt der Wanderung am Wanderparkplatz in Breitenbach. Von hier machen wir eine Rundwanderung entlang der Langenberger Hute \u00fcber Elmshagen zur Schutzh\u00fctte Vogelrain. Hier lassen wir es uns mit der mitgebrachten Rucksackverpflegung gut gehen und wandern anschlie\u00dfend wieder zur\u00fcck zum Ausgangspunkt.<\/p>\n\n\n\n<p>Gegen 17:00 Uhr treffen wir uns am Lagerfeuer am Naturfreundehaus, je nach Witterung drau\u00dfen oder in der Feuerh\u00fctte. F\u00fcr Essen und trinken wird gesorgt.<\/p>\n\n\n\n<figure class=\"wp-block-image size-full\"><img loading=\"lazy\" decoding=\"async\" width=\"535\" height=\"667\" src=\"https:\/\/naturfreunde-bad-emstal.de\/wp-content\/uploads\/2023\/12\/Bild1.png\" alt=\"\" class=\"wp-image-17558\" srcset=\"https:\/\/naturfreunde-bad-emstal.de\/wp-content\/uploads\/2023\/12\/Bild1.png 535w, https:\/\/naturfreunde-bad-emstal.de\/wp-content\/uploads\/2023\/12\/Bild1-241x300.png 241w, https:\/\/naturfreunde-bad-emstal.de\/wp-content\/uploads\/2023\/12\/Bild1-440x550.png 440w\" sizes=\"auto, (max-width: 535px) 100vw, 535px\" \/><figcaption class=\"wp-element-caption\">Diese Wandertour ist unter <a href=\"https:\/\/www.komoot.de\/tour\/1151164626\">www.komoot.de\/tour\/1151164626<\/a> abrufbar.<\/figcaption><\/figure>\n","protected":false},"excerpt":{"rendered":"<p>Wir treffen uns zur Bildung von Fahrgemeinschaften um 12:30 Uhr am Naturfreundehaus. Von dort geht es mit dem Auto zum Startpunkt der Wanderung am Wanderparkplatz in Breitenbach. Von hier machen wir eine Rundwanderung entlang der Langenberger Hute \u00fcber Elmshagen zur Schutzh\u00fctte Vogelrain. Hier lassen wir es uns mit der mitgebrachten Rucksackverpflegung gut gehen und wandern&#8230; <\/p>\n<div class=\"clear\"><\/div>\n<p><a href=\"https:\/\/naturfreunde-bad-emstal.de\/?p=17557\" class=\"excerpt-read-more\">Read More<\/a><\/p>\n","protected":false},"author":4,"featured_media":17558,"comment_status":"open","ping_status":"open","sticky":false,"template":"","format":"standard","meta":{"ngg_post_thumbnail":0,"footnotes":""},"categories":[63,74],"tags":[],"class_list":["post-17557","post","type-post","status-publish","format-standard","has-post-thumbnail","hentry","category-archiv","category-wandern"],"_links":{"self":[{"href":"https:\/\/naturfreunde-bad-emstal.de\/index.php?rest_route=\/wp\/v2\/posts\/17557","targetHints":{"allow":["GET"]}}],"collection":[{"href":"https:\/\/naturfreunde-bad-emstal.de\/index.php?rest_route=\/wp\/v2\/posts"}],"about":[{"href":"https:\/\/naturfreunde-bad-emstal.de\/index.php?rest_route=\/wp\/v2\/types\/post"}],"author":[{"embeddable":true,"href":"https:\/\/naturfreunde-bad-emstal.de\/index.php?rest_route=\/wp\/v2\/users\/4"}],"replies":[{"embeddable":true,"href":"https:\/\/naturfreunde-bad-emstal.de\/index.php?rest_route=%2Fwp%2Fv2%2Fcomments&post=17557"}],"version-history":[{"count":3,"href":"https:\/\/naturfreunde-bad-emstal.de\/index.php?rest_route=\/wp\/v2\/posts\/17557\/revisions"}],"predecessor-version":[{"id":17562,"href":"https:\/\/naturfreunde-bad-emstal.de\/index.php?rest_route=\/wp\/v2\/posts\/17557\/revisions\/17562"}],"wp:featuredmedia":[{"embeddable":true,"href":"https:\/\/naturfreunde-bad-emstal.de\/index.php?rest_route=\/wp\/v2\/media\/17558"}],"wp:attachment":[{"href":"https:\/\/naturfreunde-bad-emstal.de\/index.php?rest_route=%2Fwp%2Fv2%2Fmedia&parent=17557"}],"wp:term":[{"taxonomy":"category","embeddable":true,"href":"https:\/\/naturfreunde-bad-emstal.de\/index.php?rest_route=%2Fwp%2Fv2%2Fcategories&post=17557"},{"taxonomy":"post_tag","embeddable":true,"href":"https:\/\/naturfreunde-bad-emstal.de\/index.php?rest_route=%2Fwp%2Fv2%2Ftags&post=17557"}],"curies":[{"name":"wp","href":"https:\/\/api.w.org\/{rel}","templated":true}]}}