{"id":17564,"date":"2024-01-08T18:06:26","date_gmt":"2024-01-08T18:06:26","guid":{"rendered":"https:\/\/naturfreunde-bad-emstal.de\/?p=17564"},"modified":"2025-02-13T09:49:42","modified_gmt":"2025-02-13T09:49:42","slug":"treffen-der-kochgruppe-am-11-dezember-2023","status":"publish","type":"post","link":"https:\/\/naturfreunde-bad-emstal.de\/?p=17564","title":{"rendered":"Treffen der Kochgruppe am 11. Dezember 2023"},"content":{"rendered":"\n<p>Zum f\u00fcnften und letzten Kochen im Jahr 2023 trafen sich 6 K\u00f6chinnen in der K\u00fcche des Naturfreundehauses zum Vorbereiten und Verspeisen des letzten Men\u00fcs im Jahr 2023. Zur Feier des Jahresabschlusses gab es H\u00e4hnchenschenkel mit Kartoffeln aus dem Backofen. Als Beilage Fruchtigen Wintersalat, der schon unter Hildegards Anleitung im Jahr davor der kulinarische Knaller war. Zum Nachtisch kredenzten wir Barbaras Orangen in Mohncreme.<\/p>\n\n\n\n<p>Nachdem die H\u00e4hnchenschenkel nach l\u00e4ngerem Probieren mit den Back\u00f6fen in K\u00fcche und Jugendraum und verschiedenen Blechen und Auflaufformen endlich im Ofen waren, widmeten wir uns dem Wintersalat mit so guten Zutaten wie Waln\u00fcssen, Granatapfel, Cranberries und frischen ungespritzten Orangen direkt aus Spanien, welche dem Salat die fruchtige Note bescherten. Das Dessert Orangen in Mohncreme gab dem Essen einen runden Abschluss. Bei einem Glas Wei\u00dfwein lie\u00dfen wir unsere Koch-Treffs noch mal Revue passieren und beschlossen das n\u00e4chste Treffen im Januar 2024. Die K\u00fcche ist am Montag, den 22. Januar frei, so da\u00df f\u00fcr diesen Termin 10 Tage vorher eingeladen wird.<\/p>\n\n\n\n<figure class=\"wp-block-image size-large\"><img loading=\"lazy\" decoding=\"async\" width=\"1024\" height=\"768\" src=\"https:\/\/naturfreunde-bad-emstal.de\/wp-content\/uploads\/2024\/01\/Wintersalat-1024x768.jpeg\" alt=\"\" class=\"wp-image-17571\" srcset=\"https:\/\/naturfreunde-bad-emstal.de\/wp-content\/uploads\/2024\/01\/Wintersalat-1024x768.jpeg 1024w, https:\/\/naturfreunde-bad-emstal.de\/wp-content\/uploads\/2024\/01\/Wintersalat-300x225.jpeg 300w, https:\/\/naturfreunde-bad-emstal.de\/wp-content\/uploads\/2024\/01\/Wintersalat-768x576.jpeg 768w, https:\/\/naturfreunde-bad-emstal.de\/wp-content\/uploads\/2024\/01\/Wintersalat-1536x1152.jpeg 1536w, https:\/\/naturfreunde-bad-emstal.de\/wp-content\/uploads\/2024\/01\/Wintersalat-400x300.jpeg 400w, https:\/\/naturfreunde-bad-emstal.de\/wp-content\/uploads\/2024\/01\/Wintersalat.jpeg 2048w\" sizes=\"auto, (max-width: 1024px) 100vw, 1024px\" \/><figcaption class=\"wp-element-caption\">Fruchtiger Wintersalat<\/figcaption><\/figure>\n\n\n\n<figure class=\"wp-block-image size-large\"><img loading=\"lazy\" decoding=\"async\" width=\"768\" height=\"1024\" src=\"https:\/\/naturfreunde-bad-emstal.de\/wp-content\/uploads\/2024\/01\/Haenchenschenkel-768x1024.jpeg\" alt=\"\" class=\"wp-image-17572\" srcset=\"https:\/\/naturfreunde-bad-emstal.de\/wp-content\/uploads\/2024\/01\/Haenchenschenkel-768x1024.jpeg 768w, https:\/\/naturfreunde-bad-emstal.de\/wp-content\/uploads\/2024\/01\/Haenchenschenkel-225x300.jpeg 225w, https:\/\/naturfreunde-bad-emstal.de\/wp-content\/uploads\/2024\/01\/Haenchenschenkel-1152x1536.jpeg 1152w, https:\/\/naturfreunde-bad-emstal.de\/wp-content\/uploads\/2024\/01\/Haenchenschenkel.jpeg 1536w\" sizes=\"auto, (max-width: 768px) 100vw, 768px\" \/><figcaption class=\"wp-element-caption\">H\u00e4hnchenschenkel mit Kartoffeln aus dem Backofen<\/figcaption><\/figure>\n\n\n\n<figure class=\"wp-block-image size-large\"><img loading=\"lazy\" decoding=\"async\" width=\"1024\" height=\"768\" src=\"https:\/\/naturfreunde-bad-emstal.de\/wp-content\/uploads\/2024\/01\/Orangen-in-Mohn-1024x768.jpeg\" alt=\"\" class=\"wp-image-17573\" srcset=\"https:\/\/naturfreunde-bad-emstal.de\/wp-content\/uploads\/2024\/01\/Orangen-in-Mohn-1024x768.jpeg 1024w, https:\/\/naturfreunde-bad-emstal.de\/wp-content\/uploads\/2024\/01\/Orangen-in-Mohn-300x225.jpeg 300w, https:\/\/naturfreunde-bad-emstal.de\/wp-content\/uploads\/2024\/01\/Orangen-in-Mohn-768x576.jpeg 768w, https:\/\/naturfreunde-bad-emstal.de\/wp-content\/uploads\/2024\/01\/Orangen-in-Mohn-1536x1152.jpeg 1536w, https:\/\/naturfreunde-bad-emstal.de\/wp-content\/uploads\/2024\/01\/Orangen-in-Mohn-400x300.jpeg 400w, https:\/\/naturfreunde-bad-emstal.de\/wp-content\/uploads\/2024\/01\/Orangen-in-Mohn.jpeg 2048w\" sizes=\"auto, (max-width: 1024px) 100vw, 1024px\" \/><figcaption class=\"wp-element-caption\">Orangen in Mohn<\/figcaption><\/figure>\n","protected":false},"excerpt":{"rendered":"<p>Zum f\u00fcnften und letzten Kochen im Jahr 2023 trafen sich 6 K\u00f6chinnen in der K\u00fcche des Naturfreundehauses zum Vorbereiten und Verspeisen des letzten Men\u00fcs im Jahr 2023. Zur Feier des Jahresabschlusses gab es H\u00e4hnchenschenkel mit Kartoffeln aus dem Backofen. Als Beilage Fruchtigen Wintersalat, der schon unter Hildegards Anleitung im Jahr davor der kulinarische Knaller war&#8230;. <\/p>\n<div class=\"clear\"><\/div>\n<p><a href=\"https:\/\/naturfreunde-bad-emstal.de\/?p=17564\" class=\"excerpt-read-more\">Read More<\/a><\/p>\n","protected":false},"author":15,"featured_media":17576,"comment_status":"open","ping_status":"open","sticky":false,"template":"","format":"standard","meta":{"ngg_post_thumbnail":0,"footnotes":""},"categories":[63,79,51],"tags":[],"class_list":["post-17564","post","type-post","status-publish","format-standard","has-post-thumbnail","hentry","category-archiv","category-kochen","category-news"],"_links":{"self":[{"href":"https:\/\/naturfreunde-bad-emstal.de\/index.php?rest_route=\/wp\/v2\/posts\/17564","targetHints":{"allow":["GET"]}}],"collection":[{"href":"https:\/\/naturfreunde-bad-emstal.de\/index.php?rest_route=\/wp\/v2\/posts"}],"about":[{"href":"https:\/\/naturfreunde-bad-emstal.de\/index.php?rest_route=\/wp\/v2\/types\/post"}],"author":[{"embeddable":true,"href":"https:\/\/naturfreunde-bad-emstal.de\/index.php?rest_route=\/wp\/v2\/users\/15"}],"replies":[{"embeddable":true,"href":"https:\/\/naturfreunde-bad-emstal.de\/index.php?rest_route=%2Fwp%2Fv2%2Fcomments&post=17564"}],"version-history":[{"count":8,"href":"https:\/\/naturfreunde-bad-emstal.de\/index.php?rest_route=\/wp\/v2\/posts\/17564\/revisions"}],"predecessor-version":[{"id":18066,"href":"https:\/\/naturfreunde-bad-emstal.de\/index.php?rest_route=\/wp\/v2\/posts\/17564\/revisions\/18066"}],"wp:featuredmedia":[{"embeddable":true,"href":"https:\/\/naturfreunde-bad-emstal.de\/index.php?rest_route=\/wp\/v2\/media\/17576"}],"wp:attachment":[{"href":"https:\/\/naturfreunde-bad-emstal.de\/index.php?rest_route=%2Fwp%2Fv2%2Fmedia&parent=17564"}],"wp:term":[{"taxonomy":"category","embeddable":true,"href":"https:\/\/naturfreunde-bad-emstal.de\/index.php?rest_route=%2Fwp%2Fv2%2Fcategories&post=17564"},{"taxonomy":"post_tag","embeddable":true,"href":"https:\/\/naturfreunde-bad-emstal.de\/index.php?rest_route=%2Fwp%2Fv2%2Ftags&post=17564"}],"curies":[{"name":"wp","href":"https:\/\/api.w.org\/{rel}","templated":true}]}}