{"id":17582,"date":"2024-01-09T16:16:14","date_gmt":"2024-01-09T16:16:14","guid":{"rendered":"https:\/\/naturfreunde-bad-emstal.de\/?p=17582"},"modified":"2024-01-09T16:16:15","modified_gmt":"2024-01-09T16:16:15","slug":"wanderung-und-lagerfeuer-zwischen-den-jahren","status":"publish","type":"post","link":"https:\/\/naturfreunde-bad-emstal.de\/?p=17582","title":{"rendered":"Wanderung und Lagerfeuer zwischen den Jahren"},"content":{"rendered":"\n<p>Drei Naturfreunde trotzten am 29. Dezember 2023 Wind und Wetter und gingen am Parkplatz Langenberg in Breitenbach los Richtung Elmshagen zur Schutzh\u00fctte am Vogelrain. Wir genossen den sch\u00f6nen weiten Blick \u00fcber die Breitenbacher Hute und konnten im Lauf des Weges bis zum Chattenturm nach Niedenstein schauen. Nach der Rast in der H\u00fctte am Vogelrain gingen wir am Schandpfahl in Elmshagen vorbei, sahen sch\u00f6ne H\u00e4uschen und viele, die man sch\u00f6n renovieren k\u00f6nnte. Wir bedienten uns in einer alten Telefonzelle mit abgestellten B\u00fcchern und freuten uns, dass ein Gastronomiebetrieb die Wiederer\u00f6ffnung gewagt hat. Auf unserem Weg entlang am Waldrand holte uns die Naumburger Kleinbahn ein, die pfeifend den Berg hochschnaufte und dicke dunkle Rauchwolken in die Luft blies.<\/p>\n\n\n\n<p>Um 17.10 wurde dann das Feuer in der Grillh\u00fctte am Naturfreundehaus angez\u00fcndet \u2013 zum W\u00e4rmen und f\u00fcr die saugute Suppe, die Tom gekocht hatte. Dazu gab es Fladenbrot von Egidio. Siehe da, unser Wandergr\u00fcppchen hatte sich verf\u00fcnffacht. Feuer, Kinderpunsch, Gl\u00fchwein und gute Laune schenkten uns einen entspannten Abend zwischen den Jahren.<\/p>\n\n\n\n<figure class=\"wp-block-image size-large\"><img loading=\"lazy\" decoding=\"async\" width=\"1024\" height=\"766\" src=\"https:\/\/naturfreunde-bad-emstal.de\/wp-content\/uploads\/2024\/01\/signal-2023-12-30-174518_022-1024x766.jpeg\" alt=\"\" class=\"wp-image-17583\" srcset=\"https:\/\/naturfreunde-bad-emstal.de\/wp-content\/uploads\/2024\/01\/signal-2023-12-30-174518_022-1024x766.jpeg 1024w, https:\/\/naturfreunde-bad-emstal.de\/wp-content\/uploads\/2024\/01\/signal-2023-12-30-174518_022-300x224.jpeg 300w, https:\/\/naturfreunde-bad-emstal.de\/wp-content\/uploads\/2024\/01\/signal-2023-12-30-174518_022-768x575.jpeg 768w, https:\/\/naturfreunde-bad-emstal.de\/wp-content\/uploads\/2024\/01\/signal-2023-12-30-174518_022-1536x1149.jpeg 1536w, https:\/\/naturfreunde-bad-emstal.de\/wp-content\/uploads\/2024\/01\/signal-2023-12-30-174518_022-400x300.jpeg 400w, https:\/\/naturfreunde-bad-emstal.de\/wp-content\/uploads\/2024\/01\/signal-2023-12-30-174518_022.jpeg 2048w\" sizes=\"auto, (max-width: 1024px) 100vw, 1024px\" \/><\/figure>\n\n\n\n<figure class=\"wp-block-image size-large\"><img loading=\"lazy\" decoding=\"async\" width=\"1024\" height=\"766\" src=\"https:\/\/naturfreunde-bad-emstal.de\/wp-content\/uploads\/2024\/01\/signal-2023-12-30-174518_023-1024x766.jpeg\" alt=\"\" class=\"wp-image-17584\" srcset=\"https:\/\/naturfreunde-bad-emstal.de\/wp-content\/uploads\/2024\/01\/signal-2023-12-30-174518_023-1024x766.jpeg 1024w, https:\/\/naturfreunde-bad-emstal.de\/wp-content\/uploads\/2024\/01\/signal-2023-12-30-174518_023-300x224.jpeg 300w, https:\/\/naturfreunde-bad-emstal.de\/wp-content\/uploads\/2024\/01\/signal-2023-12-30-174518_023-768x575.jpeg 768w, https:\/\/naturfreunde-bad-emstal.de\/wp-content\/uploads\/2024\/01\/signal-2023-12-30-174518_023-1536x1149.jpeg 1536w, https:\/\/naturfreunde-bad-emstal.de\/wp-content\/uploads\/2024\/01\/signal-2023-12-30-174518_023-400x300.jpeg 400w, https:\/\/naturfreunde-bad-emstal.de\/wp-content\/uploads\/2024\/01\/signal-2023-12-30-174518_023.jpeg 2048w\" sizes=\"auto, (max-width: 1024px) 100vw, 1024px\" \/><\/figure>\n\n\n\n<figure class=\"wp-block-image size-large\"><img loading=\"lazy\" decoding=\"async\" width=\"1024\" height=\"766\" src=\"https:\/\/naturfreunde-bad-emstal.de\/wp-content\/uploads\/2024\/01\/signal-2023-12-30-174518_018-1024x766.jpeg\" alt=\"\" class=\"wp-image-17585\" srcset=\"https:\/\/naturfreunde-bad-emstal.de\/wp-content\/uploads\/2024\/01\/signal-2023-12-30-174518_018-1024x766.jpeg 1024w, https:\/\/naturfreunde-bad-emstal.de\/wp-content\/uploads\/2024\/01\/signal-2023-12-30-174518_018-300x224.jpeg 300w, https:\/\/naturfreunde-bad-emstal.de\/wp-content\/uploads\/2024\/01\/signal-2023-12-30-174518_018-768x575.jpeg 768w, https:\/\/naturfreunde-bad-emstal.de\/wp-content\/uploads\/2024\/01\/signal-2023-12-30-174518_018-1536x1149.jpeg 1536w, https:\/\/naturfreunde-bad-emstal.de\/wp-content\/uploads\/2024\/01\/signal-2023-12-30-174518_018-400x300.jpeg 400w, https:\/\/naturfreunde-bad-emstal.de\/wp-content\/uploads\/2024\/01\/signal-2023-12-30-174518_018.jpeg 2048w\" sizes=\"auto, (max-width: 1024px) 100vw, 1024px\" \/><\/figure>\n\n\n\n<figure class=\"wp-block-image size-large\"><img loading=\"lazy\" decoding=\"async\" width=\"1024\" height=\"766\" src=\"https:\/\/naturfreunde-bad-emstal.de\/wp-content\/uploads\/2024\/01\/signal-2023-12-30-174518_010-1024x766.jpeg\" alt=\"\" class=\"wp-image-17586\" srcset=\"https:\/\/naturfreunde-bad-emstal.de\/wp-content\/uploads\/2024\/01\/signal-2023-12-30-174518_010-1024x766.jpeg 1024w, https:\/\/naturfreunde-bad-emstal.de\/wp-content\/uploads\/2024\/01\/signal-2023-12-30-174518_010-300x224.jpeg 300w, https:\/\/naturfreunde-bad-emstal.de\/wp-content\/uploads\/2024\/01\/signal-2023-12-30-174518_010-768x575.jpeg 768w, https:\/\/naturfreunde-bad-emstal.de\/wp-content\/uploads\/2024\/01\/signal-2023-12-30-174518_010-1536x1149.jpeg 1536w, https:\/\/naturfreunde-bad-emstal.de\/wp-content\/uploads\/2024\/01\/signal-2023-12-30-174518_010-400x300.jpeg 400w, https:\/\/naturfreunde-bad-emstal.de\/wp-content\/uploads\/2024\/01\/signal-2023-12-30-174518_010.jpeg 2048w\" sizes=\"auto, (max-width: 1024px) 100vw, 1024px\" \/><\/figure>\n\n\n\n<figure class=\"wp-block-image size-large\"><img loading=\"lazy\" decoding=\"async\" width=\"742\" height=\"1024\" src=\"https:\/\/naturfreunde-bad-emstal.de\/wp-content\/uploads\/2024\/01\/signal-2023-12-30-174518_003-742x1024.jpeg\" alt=\"\" class=\"wp-image-17587\" srcset=\"https:\/\/naturfreunde-bad-emstal.de\/wp-content\/uploads\/2024\/01\/signal-2023-12-30-174518_003-742x1024.jpeg 742w, https:\/\/naturfreunde-bad-emstal.de\/wp-content\/uploads\/2024\/01\/signal-2023-12-30-174518_003-217x300.jpeg 217w, https:\/\/naturfreunde-bad-emstal.de\/wp-content\/uploads\/2024\/01\/signal-2023-12-30-174518_003-768x1060.jpeg 768w, https:\/\/naturfreunde-bad-emstal.de\/wp-content\/uploads\/2024\/01\/signal-2023-12-30-174518_003-1113x1536.jpeg 1113w, https:\/\/naturfreunde-bad-emstal.de\/wp-content\/uploads\/2024\/01\/signal-2023-12-30-174518_003.jpeg 1484w\" sizes=\"auto, (max-width: 742px) 100vw, 742px\" \/><\/figure>\n","protected":false},"excerpt":{"rendered":"<p>Drei Naturfreunde trotzten am 29. Dezember 2023 Wind und Wetter und gingen am Parkplatz Langenberg in Breitenbach los Richtung Elmshagen zur Schutzh\u00fctte am Vogelrain. Wir genossen den sch\u00f6nen weiten Blick \u00fcber die Breitenbacher Hute und konnten im Lauf des Weges bis zum Chattenturm nach Niedenstein schauen. Nach der Rast in der H\u00fctte am Vogelrain gingen&#8230; <\/p>\n<div class=\"clear\"><\/div>\n<p><a href=\"https:\/\/naturfreunde-bad-emstal.de\/?p=17582\" class=\"excerpt-read-more\">Read More<\/a><\/p>\n","protected":false},"author":15,"featured_media":17585,"comment_status":"open","ping_status":"open","sticky":false,"template":"","format":"standard","meta":{"ngg_post_thumbnail":0,"footnotes":""},"categories":[63,51,74],"tags":[],"class_list":["post-17582","post","type-post","status-publish","format-standard","has-post-thumbnail","hentry","category-archiv","category-news","category-wandern"],"_links":{"self":[{"href":"https:\/\/naturfreunde-bad-emstal.de\/index.php?rest_route=\/wp\/v2\/posts\/17582","targetHints":{"allow":["GET"]}}],"collection":[{"href":"https:\/\/naturfreunde-bad-emstal.de\/index.php?rest_route=\/wp\/v2\/posts"}],"about":[{"href":"https:\/\/naturfreunde-bad-emstal.de\/index.php?rest_route=\/wp\/v2\/types\/post"}],"author":[{"embeddable":true,"href":"https:\/\/naturfreunde-bad-emstal.de\/index.php?rest_route=\/wp\/v2\/users\/15"}],"replies":[{"embeddable":true,"href":"https:\/\/naturfreunde-bad-emstal.de\/index.php?rest_route=%2Fwp%2Fv2%2Fcomments&post=17582"}],"version-history":[{"count":2,"href":"https:\/\/naturfreunde-bad-emstal.de\/index.php?rest_route=\/wp\/v2\/posts\/17582\/revisions"}],"predecessor-version":[{"id":17589,"href":"https:\/\/naturfreunde-bad-emstal.de\/index.php?rest_route=\/wp\/v2\/posts\/17582\/revisions\/17589"}],"wp:featuredmedia":[{"embeddable":true,"href":"https:\/\/naturfreunde-bad-emstal.de\/index.php?rest_route=\/wp\/v2\/media\/17585"}],"wp:attachment":[{"href":"https:\/\/naturfreunde-bad-emstal.de\/index.php?rest_route=%2Fwp%2Fv2%2Fmedia&parent=17582"}],"wp:term":[{"taxonomy":"category","embeddable":true,"href":"https:\/\/naturfreunde-bad-emstal.de\/index.php?rest_route=%2Fwp%2Fv2%2Fcategories&post=17582"},{"taxonomy":"post_tag","embeddable":true,"href":"https:\/\/naturfreunde-bad-emstal.de\/index.php?rest_route=%2Fwp%2Fv2%2Ftags&post=17582"}],"curies":[{"name":"wp","href":"https:\/\/api.w.org\/{rel}","templated":true}]}}