{"id":17600,"date":"2024-01-17T14:06:53","date_gmt":"2024-01-17T14:06:53","guid":{"rendered":"https:\/\/naturfreunde-bad-emstal.de\/?p=17600"},"modified":"2024-01-18T08:55:23","modified_gmt":"2024-01-18T08:55:23","slug":"breeze-east","status":"publish","type":"post","link":"https:\/\/naturfreunde-bad-emstal.de\/?p=17600","title":{"rendered":"BREEZE EAST"},"content":{"rendered":"\n<p><strong>Zentralasien &#8211; acht Monate alleine auf einem alten Motorrad<\/strong><\/p>\n\n\n\n<p><strong>Christof Torrent zeigt Lichtbilder von seiner Reise<\/strong> <strong>am Mittwoch, den 24. Januar 2024 Beginn 18:30 Uhr im Naturfreundehaus &#8211; Der Eintritt ist frei &#8211;<\/strong><\/p>\n\n\n\n<p>&#8222;Letztes Jahr hatte ich das gro\u00dfe Gl\u00fcck zehn Monate von meinem Arbeitgeber freigestellt zu werden, um mir einen alten Traum zu erf\u00fcllen. Mit meiner Yamaha XT600Z T\u00e9n\u00e9r\u00e9 bin ich bis an die chinesische Grenze gefahren &#8211; und hab es auch zur\u00fcck geschafft. Dazu ging es durch den Balkan, Vorderasien bis in den Kaukasus, \u00fcber das Kaspische Meer hin\u00fcber in die &#8222;Stans&#8220;, wo hei\u00dfe W\u00fcsten, Himmel-nahe Berge und spannende Menschen zu erfahren sind. Dass dabei Pannen, Schwarztee, Schnaps und Sturmgewehre im Spiel sind, ist klar!<br>Einige der Erlebnisse dieser Reise w\u00fcrde ich gern mit euch teilen.<br>Ich freue mich darauf, am Mittwoch, den 24. Januar, mit einem Kaltgetr\u00e4nk in der Hand mit euch plaudern zu k\u00f6nnen!&#8220;<\/p>\n\n\n\n<figure class=\"wp-block-image size-large\"><img loading=\"lazy\" decoding=\"async\" width=\"1024\" height=\"768\" src=\"https:\/\/naturfreunde-bad-emstal.de\/wp-content\/uploads\/2024\/01\/IMG-20240114-WA0000-1024x768.jpg\" alt=\"\" class=\"wp-image-17601\" srcset=\"https:\/\/naturfreunde-bad-emstal.de\/wp-content\/uploads\/2024\/01\/IMG-20240114-WA0000-1024x768.jpg 1024w, https:\/\/naturfreunde-bad-emstal.de\/wp-content\/uploads\/2024\/01\/IMG-20240114-WA0000-300x225.jpg 300w, https:\/\/naturfreunde-bad-emstal.de\/wp-content\/uploads\/2024\/01\/IMG-20240114-WA0000-768x576.jpg 768w, https:\/\/naturfreunde-bad-emstal.de\/wp-content\/uploads\/2024\/01\/IMG-20240114-WA0000-1536x1152.jpg 1536w, https:\/\/naturfreunde-bad-emstal.de\/wp-content\/uploads\/2024\/01\/IMG-20240114-WA0000-400x300.jpg 400w, https:\/\/naturfreunde-bad-emstal.de\/wp-content\/uploads\/2024\/01\/IMG-20240114-WA0000.jpg 1600w\" sizes=\"auto, (max-width: 1024px) 100vw, 1024px\" \/><figcaption class=\"wp-element-caption\">Tadjikistan<\/figcaption><\/figure>\n\n\n\n<figure class=\"wp-block-image size-large\"><img loading=\"lazy\" decoding=\"async\" width=\"1024\" height=\"768\" src=\"https:\/\/naturfreunde-bad-emstal.de\/wp-content\/uploads\/2024\/01\/IMG-20240114-WA0004-1024x768.jpg\" alt=\"\" class=\"wp-image-17605\" srcset=\"https:\/\/naturfreunde-bad-emstal.de\/wp-content\/uploads\/2024\/01\/IMG-20240114-WA0004-1024x768.jpg 1024w, https:\/\/naturfreunde-bad-emstal.de\/wp-content\/uploads\/2024\/01\/IMG-20240114-WA0004-300x225.jpg 300w, https:\/\/naturfreunde-bad-emstal.de\/wp-content\/uploads\/2024\/01\/IMG-20240114-WA0004-768x576.jpg 768w, https:\/\/naturfreunde-bad-emstal.de\/wp-content\/uploads\/2024\/01\/IMG-20240114-WA0004-1536x1152.jpg 1536w, https:\/\/naturfreunde-bad-emstal.de\/wp-content\/uploads\/2024\/01\/IMG-20240114-WA0004-400x300.jpg 400w, https:\/\/naturfreunde-bad-emstal.de\/wp-content\/uploads\/2024\/01\/IMG-20240114-WA0004.jpg 1600w\" sizes=\"auto, (max-width: 1024px) 100vw, 1024px\" \/><figcaption class=\"wp-element-caption\">Tadjikistan<\/figcaption><\/figure>\n\n\n\n<figure class=\"wp-block-image size-large\"><img loading=\"lazy\" decoding=\"async\" width=\"1024\" height=\"768\" src=\"https:\/\/naturfreunde-bad-emstal.de\/wp-content\/uploads\/2024\/01\/IMG-20240114-WA0002-1024x768.jpg\" alt=\"\" class=\"wp-image-17603\" srcset=\"https:\/\/naturfreunde-bad-emstal.de\/wp-content\/uploads\/2024\/01\/IMG-20240114-WA0002-1024x768.jpg 1024w, https:\/\/naturfreunde-bad-emstal.de\/wp-content\/uploads\/2024\/01\/IMG-20240114-WA0002-300x225.jpg 300w, https:\/\/naturfreunde-bad-emstal.de\/wp-content\/uploads\/2024\/01\/IMG-20240114-WA0002-768x576.jpg 768w, https:\/\/naturfreunde-bad-emstal.de\/wp-content\/uploads\/2024\/01\/IMG-20240114-WA0002-1536x1152.jpg 1536w, https:\/\/naturfreunde-bad-emstal.de\/wp-content\/uploads\/2024\/01\/IMG-20240114-WA0002-400x300.jpg 400w, https:\/\/naturfreunde-bad-emstal.de\/wp-content\/uploads\/2024\/01\/IMG-20240114-WA0002.jpg 1600w\" sizes=\"auto, (max-width: 1024px) 100vw, 1024px\" \/><\/figure>\n\n\n\n<figure class=\"wp-block-image size-large\"><img loading=\"lazy\" decoding=\"async\" width=\"1024\" height=\"768\" src=\"https:\/\/naturfreunde-bad-emstal.de\/wp-content\/uploads\/2024\/01\/IMG-20240114-WA0001-1024x768.jpg\" alt=\"\" class=\"wp-image-17602\" srcset=\"https:\/\/naturfreunde-bad-emstal.de\/wp-content\/uploads\/2024\/01\/IMG-20240114-WA0001-1024x768.jpg 1024w, https:\/\/naturfreunde-bad-emstal.de\/wp-content\/uploads\/2024\/01\/IMG-20240114-WA0001-300x225.jpg 300w, https:\/\/naturfreunde-bad-emstal.de\/wp-content\/uploads\/2024\/01\/IMG-20240114-WA0001-768x576.jpg 768w, https:\/\/naturfreunde-bad-emstal.de\/wp-content\/uploads\/2024\/01\/IMG-20240114-WA0001-1536x1152.jpg 1536w, https:\/\/naturfreunde-bad-emstal.de\/wp-content\/uploads\/2024\/01\/IMG-20240114-WA0001-400x300.jpg 400w, https:\/\/naturfreunde-bad-emstal.de\/wp-content\/uploads\/2024\/01\/IMG-20240114-WA0001.jpg 1600w\" sizes=\"auto, (max-width: 1024px) 100vw, 1024px\" \/><\/figure>\n\n\n\n<div class=\"wp-block-buttons is-layout-flex wp-block-buttons-is-layout-flex\">\n<div class=\"wp-block-button\"><a class=\"wp-block-button__link wp-element-button\" href=\"https:\/\/naturfreunde-bad-emstal.de\/wp-content\/uploads\/2024\/01\/Christof-Publisher.pdf\" target=\"_blank\" rel=\"noreferrer noopener\">Flyer zum ausdrucken<\/a><\/div>\n<\/div>\n","protected":false},"excerpt":{"rendered":"<p>Zentralasien &#8211; acht Monate alleine auf einem alten Motorrad Christof Torrent zeigt Lichtbilder von seiner Reise am Mittwoch, den 24. Januar 2024 Beginn 18:30 Uhr im Naturfreundehaus &#8211; Der Eintritt ist frei &#8211; &#8222;Letztes Jahr hatte ich das gro\u00dfe Gl\u00fcck zehn Monate von meinem Arbeitgeber freigestellt zu werden, um mir einen alten Traum zu erf\u00fcllen&#8230;. <\/p>\n<div class=\"clear\"><\/div>\n<p><a href=\"https:\/\/naturfreunde-bad-emstal.de\/?p=17600\" class=\"excerpt-read-more\">Read More<\/a><\/p>\n","protected":false},"author":18,"featured_media":17606,"comment_status":"open","ping_status":"open","sticky":false,"template":"","format":"standard","meta":{"ngg_post_thumbnail":0,"footnotes":""},"categories":[63,51],"tags":[],"class_list":["post-17600","post","type-post","status-publish","format-standard","has-post-thumbnail","hentry","category-archiv","category-news"],"_links":{"self":[{"href":"https:\/\/naturfreunde-bad-emstal.de\/index.php?rest_route=\/wp\/v2\/posts\/17600","targetHints":{"allow":["GET"]}}],"collection":[{"href":"https:\/\/naturfreunde-bad-emstal.de\/index.php?rest_route=\/wp\/v2\/posts"}],"about":[{"href":"https:\/\/naturfreunde-bad-emstal.de\/index.php?rest_route=\/wp\/v2\/types\/post"}],"author":[{"embeddable":true,"href":"https:\/\/naturfreunde-bad-emstal.de\/index.php?rest_route=\/wp\/v2\/users\/18"}],"replies":[{"embeddable":true,"href":"https:\/\/naturfreunde-bad-emstal.de\/index.php?rest_route=%2Fwp%2Fv2%2Fcomments&post=17600"}],"version-history":[{"count":4,"href":"https:\/\/naturfreunde-bad-emstal.de\/index.php?rest_route=\/wp\/v2\/posts\/17600\/revisions"}],"predecessor-version":[{"id":17612,"href":"https:\/\/naturfreunde-bad-emstal.de\/index.php?rest_route=\/wp\/v2\/posts\/17600\/revisions\/17612"}],"wp:featuredmedia":[{"embeddable":true,"href":"https:\/\/naturfreunde-bad-emstal.de\/index.php?rest_route=\/wp\/v2\/media\/17606"}],"wp:attachment":[{"href":"https:\/\/naturfreunde-bad-emstal.de\/index.php?rest_route=%2Fwp%2Fv2%2Fmedia&parent=17600"}],"wp:term":[{"taxonomy":"category","embeddable":true,"href":"https:\/\/naturfreunde-bad-emstal.de\/index.php?rest_route=%2Fwp%2Fv2%2Fcategories&post=17600"},{"taxonomy":"post_tag","embeddable":true,"href":"https:\/\/naturfreunde-bad-emstal.de\/index.php?rest_route=%2Fwp%2Fv2%2Ftags&post=17600"}],"curies":[{"name":"wp","href":"https:\/\/api.w.org\/{rel}","templated":true}]}}