{"id":17622,"date":"2024-02-09T17:30:48","date_gmt":"2024-02-09T17:30:48","guid":{"rendered":"https:\/\/naturfreunde-bad-emstal.de\/?p=17622"},"modified":"2025-02-13T09:48:08","modified_gmt":"2025-02-13T09:48:08","slug":"treffen-der-kochgruppe-am-22-januar","status":"publish","type":"post","link":"https:\/\/naturfreunde-bad-emstal.de\/?p=17622","title":{"rendered":"Treffen der Kochgruppe am 22. Januar"},"content":{"rendered":"\n<p>Am 22. Januar trafen sich 5 K\u00f6chinnen und 1 Koch in der K\u00fcche des Naturfreundehauses und er\u00f6ffneten die Kochsaison 2024 mit einer S\u00fcdsteirischen K\u00fcrbiscremesuppe a la Barbara, Rosenkohlauflauf und Apfel Spekulatius Dessert. In diesem Jahr haben wir f\u00fcr unsere Termine jeweils einmal im Monat mittwochs die K\u00fcche und den kleinen Aufenthaltsraum reservieren lassen und wollen weiter leckere Rezepte ausprobieren.&nbsp;<\/p>\n\n\n\n<figure class=\"wp-block-image size-large\"><img loading=\"lazy\" decoding=\"async\" width=\"1024\" height=\"768\" src=\"https:\/\/naturfreunde-bad-emstal.de\/wp-content\/uploads\/2024\/02\/Kuerbiskernsuppe-1024x768.jpeg\" alt=\"\" class=\"wp-image-17621\" srcset=\"https:\/\/naturfreunde-bad-emstal.de\/wp-content\/uploads\/2024\/02\/Kuerbiskernsuppe-1024x768.jpeg 1024w, https:\/\/naturfreunde-bad-emstal.de\/wp-content\/uploads\/2024\/02\/Kuerbiskernsuppe-300x225.jpeg 300w, https:\/\/naturfreunde-bad-emstal.de\/wp-content\/uploads\/2024\/02\/Kuerbiskernsuppe-768x576.jpeg 768w, https:\/\/naturfreunde-bad-emstal.de\/wp-content\/uploads\/2024\/02\/Kuerbiskernsuppe-1536x1152.jpeg 1536w, https:\/\/naturfreunde-bad-emstal.de\/wp-content\/uploads\/2024\/02\/Kuerbiskernsuppe-400x300.jpeg 400w, https:\/\/naturfreunde-bad-emstal.de\/wp-content\/uploads\/2024\/02\/Kuerbiskernsuppe.jpeg 2048w\" sizes=\"auto, (max-width: 1024px) 100vw, 1024px\" \/><figcaption class=\"wp-element-caption\">S\u00fcdsteirische K\u00fcrbiskernsuppe<\/figcaption><\/figure>\n\n\n\n<figure class=\"wp-block-image size-large\"><img loading=\"lazy\" decoding=\"async\" width=\"1024\" height=\"768\" src=\"https:\/\/naturfreunde-bad-emstal.de\/wp-content\/uploads\/2024\/02\/Rosenkohlauflauf-1024x768.jpeg\" alt=\"\" class=\"wp-image-17620\" srcset=\"https:\/\/naturfreunde-bad-emstal.de\/wp-content\/uploads\/2024\/02\/Rosenkohlauflauf-1024x768.jpeg 1024w, https:\/\/naturfreunde-bad-emstal.de\/wp-content\/uploads\/2024\/02\/Rosenkohlauflauf-300x225.jpeg 300w, https:\/\/naturfreunde-bad-emstal.de\/wp-content\/uploads\/2024\/02\/Rosenkohlauflauf-768x576.jpeg 768w, https:\/\/naturfreunde-bad-emstal.de\/wp-content\/uploads\/2024\/02\/Rosenkohlauflauf-1536x1152.jpeg 1536w, https:\/\/naturfreunde-bad-emstal.de\/wp-content\/uploads\/2024\/02\/Rosenkohlauflauf-400x300.jpeg 400w, https:\/\/naturfreunde-bad-emstal.de\/wp-content\/uploads\/2024\/02\/Rosenkohlauflauf.jpeg 2048w\" sizes=\"auto, (max-width: 1024px) 100vw, 1024px\" \/><figcaption class=\"wp-element-caption\">Rosenkohlauflauf<\/figcaption><\/figure>\n\n\n\n<figure class=\"wp-block-image size-large\"><img loading=\"lazy\" decoding=\"async\" width=\"768\" height=\"1024\" src=\"https:\/\/naturfreunde-bad-emstal.de\/wp-content\/uploads\/2024\/02\/Apfel-Spekulatius-Dessert-768x1024.jpeg\" alt=\"\" class=\"wp-image-17619\" srcset=\"https:\/\/naturfreunde-bad-emstal.de\/wp-content\/uploads\/2024\/02\/Apfel-Spekulatius-Dessert-768x1024.jpeg 768w, https:\/\/naturfreunde-bad-emstal.de\/wp-content\/uploads\/2024\/02\/Apfel-Spekulatius-Dessert-225x300.jpeg 225w, https:\/\/naturfreunde-bad-emstal.de\/wp-content\/uploads\/2024\/02\/Apfel-Spekulatius-Dessert-1152x1536.jpeg 1152w, https:\/\/naturfreunde-bad-emstal.de\/wp-content\/uploads\/2024\/02\/Apfel-Spekulatius-Dessert.jpeg 1536w\" sizes=\"auto, (max-width: 768px) 100vw, 768px\" \/><figcaption class=\"wp-element-caption\">Apfel Spekulatius Dessert<\/figcaption><\/figure>\n","protected":false},"excerpt":{"rendered":"<p>Am 22. Januar trafen sich 5 K\u00f6chinnen und 1 Koch in der K\u00fcche des Naturfreundehauses und er\u00f6ffneten die Kochsaison 2024 mit einer S\u00fcdsteirischen K\u00fcrbiscremesuppe a la Barbara, Rosenkohlauflauf und Apfel Spekulatius Dessert. In diesem Jahr haben wir f\u00fcr unsere Termine jeweils einmal im Monat mittwochs die K\u00fcche und den kleinen Aufenthaltsraum reservieren lassen und wollen&#8230; <\/p>\n<div class=\"clear\"><\/div>\n<p><a href=\"https:\/\/naturfreunde-bad-emstal.de\/?p=17622\" class=\"excerpt-read-more\">Read More<\/a><\/p>\n","protected":false},"author":15,"featured_media":17619,"comment_status":"open","ping_status":"open","sticky":false,"template":"","format":"standard","meta":{"ngg_post_thumbnail":0,"footnotes":""},"categories":[63,79,51],"tags":[],"class_list":["post-17622","post","type-post","status-publish","format-standard","has-post-thumbnail","hentry","category-archiv","category-kochen","category-news"],"_links":{"self":[{"href":"https:\/\/naturfreunde-bad-emstal.de\/index.php?rest_route=\/wp\/v2\/posts\/17622","targetHints":{"allow":["GET"]}}],"collection":[{"href":"https:\/\/naturfreunde-bad-emstal.de\/index.php?rest_route=\/wp\/v2\/posts"}],"about":[{"href":"https:\/\/naturfreunde-bad-emstal.de\/index.php?rest_route=\/wp\/v2\/types\/post"}],"author":[{"embeddable":true,"href":"https:\/\/naturfreunde-bad-emstal.de\/index.php?rest_route=\/wp\/v2\/users\/15"}],"replies":[{"embeddable":true,"href":"https:\/\/naturfreunde-bad-emstal.de\/index.php?rest_route=%2Fwp%2Fv2%2Fcomments&post=17622"}],"version-history":[{"count":5,"href":"https:\/\/naturfreunde-bad-emstal.de\/index.php?rest_route=\/wp\/v2\/posts\/17622\/revisions"}],"predecessor-version":[{"id":18065,"href":"https:\/\/naturfreunde-bad-emstal.de\/index.php?rest_route=\/wp\/v2\/posts\/17622\/revisions\/18065"}],"wp:featuredmedia":[{"embeddable":true,"href":"https:\/\/naturfreunde-bad-emstal.de\/index.php?rest_route=\/wp\/v2\/media\/17619"}],"wp:attachment":[{"href":"https:\/\/naturfreunde-bad-emstal.de\/index.php?rest_route=%2Fwp%2Fv2%2Fmedia&parent=17622"}],"wp:term":[{"taxonomy":"category","embeddable":true,"href":"https:\/\/naturfreunde-bad-emstal.de\/index.php?rest_route=%2Fwp%2Fv2%2Fcategories&post=17622"},{"taxonomy":"post_tag","embeddable":true,"href":"https:\/\/naturfreunde-bad-emstal.de\/index.php?rest_route=%2Fwp%2Fv2%2Ftags&post=17622"}],"curies":[{"name":"wp","href":"https:\/\/api.w.org\/{rel}","templated":true}]}}