{"id":17630,"date":"2024-02-10T15:26:45","date_gmt":"2024-02-10T15:26:45","guid":{"rendered":"https:\/\/naturfreunde-bad-emstal.de\/?p=17630"},"modified":"2024-02-10T15:28:47","modified_gmt":"2024-02-10T15:28:47","slug":"einladung-zur-jahreshauptversammlung-am-10-maerz-um-1500-uhr-im-naturfreundehaus","status":"publish","type":"post","link":"https:\/\/naturfreunde-bad-emstal.de\/?p=17630","title":{"rendered":"Einladung zur Jahreshauptversammlung am 10. M\u00e4rz um 15:00 Uhr im Naturfreundehaus"},"content":{"rendered":"<a href=\"https:\/\/naturfreunde-bad-emstal.de\/wp-content\/uploads\/2024\/02\/240310_Einladung_JHV.pdf\" class=\"pdfemb-viewer\" style=\"\" data-width=\"max\" data-height=\"max\" data-toolbar=\"bottom\" data-toolbar-fixed=\"off\">240310_Einladung_JHV<\/a>\n<p class=\"wp-block-pdfemb-pdf-embedder-viewer\"><\/p>\n\n\n\n<p>Eine weitere Anlage ist der vorl\u00e4ufige Entwurf f\u00fcr unsere neue Satzung, \u00fcber die wir dann auch abstimmen werden. Da die Vorpr\u00fcfung durch das Amtsgericht noch nicht abgeschlossen ist, kann es sein, dass bis zur JHV noch \u00c4nderungen ber\u00fccksichtigt werden m\u00fcssen. In dem Entwurf sind die aktuelle Version (links) und die neuen Formulierungen (rechts) zum Vergleich nebeneinander gestellt. Die \u00c4nderungen ber\u00fccksichtigen die neuen Mustersatzungen vom Bundesverband der Naturfreunde. Fragen dazu beantworte ich gerne.<br>Bitte merkt Euch den Termin vor und ich freue mich auf einen entspannten und geselligen Nachmittag im Naturfreundehaus mit Euch.<br>Berg Frei<br>Euer Tom<\/p>\n\n\n\n<div class=\"wp-block-buttons is-layout-flex wp-block-buttons-is-layout-flex\">\n<div class=\"wp-block-button\"><a class=\"wp-block-button__link wp-element-button\" href=\"https:\/\/naturfreunde-bad-emstal.de\/wp-content\/uploads\/2024\/02\/240310_Einladung_JHV.pdf\" target=\"_blank\" rel=\"noreferrer noopener\">Tagesordnung<\/a><\/div>\n\n\n\n<div class=\"wp-block-button\"><a class=\"wp-block-button__link wp-element-button\" href=\"https:\/\/naturfreunde-bad-emstal.de\/wp-content\/uploads\/2024\/02\/231216_Entwurf_Satzung_NaturFreundeBadEmstaleV_final.pdf\" target=\"_blank\" rel=\"noreferrer noopener\">Satzungsentwurf<\/a><\/div>\n<\/div>\n","protected":false},"excerpt":{"rendered":"<p>Eine weitere Anlage ist der vorl\u00e4ufige Entwurf f\u00fcr unsere neue Satzung, \u00fcber die wir dann auch abstimmen werden. Da die Vorpr\u00fcfung durch das Amtsgericht noch nicht abgeschlossen ist, kann es sein, dass bis zur JHV noch \u00c4nderungen ber\u00fccksichtigt werden m\u00fcssen. In dem Entwurf sind die aktuelle Version (links) und die neuen Formulierungen (rechts) zum Vergleich&#8230; <\/p>\n<div class=\"clear\"><\/div>\n<p><a href=\"https:\/\/naturfreunde-bad-emstal.de\/?p=17630\" class=\"excerpt-read-more\">Read More<\/a><\/p>\n","protected":false},"author":7,"featured_media":6695,"comment_status":"open","ping_status":"open","sticky":false,"template":"","format":"standard","meta":{"ngg_post_thumbnail":0,"footnotes":""},"categories":[63,51],"tags":[],"class_list":["post-17630","post","type-post","status-publish","format-standard","has-post-thumbnail","hentry","category-archiv","category-news"],"_links":{"self":[{"href":"https:\/\/naturfreunde-bad-emstal.de\/index.php?rest_route=\/wp\/v2\/posts\/17630","targetHints":{"allow":["GET"]}}],"collection":[{"href":"https:\/\/naturfreunde-bad-emstal.de\/index.php?rest_route=\/wp\/v2\/posts"}],"about":[{"href":"https:\/\/naturfreunde-bad-emstal.de\/index.php?rest_route=\/wp\/v2\/types\/post"}],"author":[{"embeddable":true,"href":"https:\/\/naturfreunde-bad-emstal.de\/index.php?rest_route=\/wp\/v2\/users\/7"}],"replies":[{"embeddable":true,"href":"https:\/\/naturfreunde-bad-emstal.de\/index.php?rest_route=%2Fwp%2Fv2%2Fcomments&post=17630"}],"version-history":[{"count":4,"href":"https:\/\/naturfreunde-bad-emstal.de\/index.php?rest_route=\/wp\/v2\/posts\/17630\/revisions"}],"predecessor-version":[{"id":17635,"href":"https:\/\/naturfreunde-bad-emstal.de\/index.php?rest_route=\/wp\/v2\/posts\/17630\/revisions\/17635"}],"wp:featuredmedia":[{"embeddable":true,"href":"https:\/\/naturfreunde-bad-emstal.de\/index.php?rest_route=\/wp\/v2\/media\/6695"}],"wp:attachment":[{"href":"https:\/\/naturfreunde-bad-emstal.de\/index.php?rest_route=%2Fwp%2Fv2%2Fmedia&parent=17630"}],"wp:term":[{"taxonomy":"category","embeddable":true,"href":"https:\/\/naturfreunde-bad-emstal.de\/index.php?rest_route=%2Fwp%2Fv2%2Fcategories&post=17630"},{"taxonomy":"post_tag","embeddable":true,"href":"https:\/\/naturfreunde-bad-emstal.de\/index.php?rest_route=%2Fwp%2Fv2%2Ftags&post=17630"}],"curies":[{"name":"wp","href":"https:\/\/api.w.org\/{rel}","templated":true}]}}