{"id":17641,"date":"2024-02-24T12:25:02","date_gmt":"2024-02-24T12:25:02","guid":{"rendered":"https:\/\/naturfreunde-bad-emstal.de\/?p=17641"},"modified":"2024-02-24T12:27:27","modified_gmt":"2024-02-24T12:27:27","slug":"offene-einladung-an-die-vereine-kommunalpolitiker-parteien-schule-und-kirchen-in-bad-emstal","status":"publish","type":"post","link":"https:\/\/naturfreunde-bad-emstal.de\/?p=17641","title":{"rendered":"Offene Einladung an die Vereine, Kommunalpolitiker, Parteien, Schule und Kirchen in Bad Emstal am 1. M\u00e4rz um 19 Uhr zu einer ersten Aussprache im Dorfgemeinschaftshaus Balhorn"},"content":{"rendered":"\n<p>Bad Emstal hat in der Vergangenheit seine Offenheit gezeigt und kann auf gro\u00dfe Erfolge in der Integrationsarbeit stolz sein. Aktuelle gesellschaftliche Entwicklungen, die diesen Zielen widersprechen, sind auch in unserer Gemeinde angekommen. Rechtsextremismus bl\u00e4ht sich durch einfache Scheinl\u00f6sungen k\u00fcnstlich auf. Die Mehrheit hier sch\u00e4tzt die demokratischen L\u00f6sungswege. Es ist Zeit zu handeln f\u00fcr das Bewahren von Demokratie, Vielfalt, Offenheit und Respekt in unserer Gemeinde und in unserem Land. Um mit m\u00f6glichst vielen Menschen in der Gemeinde ins Gespr\u00e4ch zu kommen, laden wir am 1. M\u00e4rz um 19 Uhr zu einer ersten Aussprache ins Dorfgemeinschaftshaus Balhorn ein. <\/p>\n\n\n\n<p>Mit freundlichem Gru\u00df <br>Simone Bechtel Tom Gurtmann Dorothea Link Marita Sch\u00fcler Peter Soltau F\u00fcr die Vorbereitungsgruppe<\/p>\n\n\n\n<div class=\"wp-block-buttons is-layout-flex wp-block-buttons-is-layout-flex\">\n<div class=\"wp-block-button\"><a class=\"wp-block-button__link wp-element-button\" href=\"https:\/\/naturfreunde-bad-emstal.de\/wp-content\/uploads\/2024\/02\/240301_Aufruf_Treffen.pdf\" target=\"_blank\" rel=\"noreferrer noopener\">Drucken<\/a><\/div>\n<\/div>\n","protected":false},"excerpt":{"rendered":"<p>Bad Emstal hat in der Vergangenheit seine Offenheit gezeigt und kann auf gro\u00dfe Erfolge in der Integrationsarbeit stolz sein. Aktuelle gesellschaftliche Entwicklungen, die diesen Zielen widersprechen, sind auch in unserer Gemeinde angekommen. Rechtsextremismus bl\u00e4ht sich durch einfache Scheinl\u00f6sungen k\u00fcnstlich auf. Die Mehrheit hier sch\u00e4tzt die demokratischen L\u00f6sungswege. Es ist Zeit zu handeln f\u00fcr das Bewahren&#8230; <\/p>\n<div class=\"clear\"><\/div>\n<p><a href=\"https:\/\/naturfreunde-bad-emstal.de\/?p=17641\" class=\"excerpt-read-more\">Read More<\/a><\/p>\n","protected":false},"author":7,"featured_media":6695,"comment_status":"open","ping_status":"open","sticky":false,"template":"","format":"standard","meta":{"ngg_post_thumbnail":0,"footnotes":""},"categories":[63,51],"tags":[],"class_list":["post-17641","post","type-post","status-publish","format-standard","has-post-thumbnail","hentry","category-archiv","category-news"],"_links":{"self":[{"href":"https:\/\/naturfreunde-bad-emstal.de\/index.php?rest_route=\/wp\/v2\/posts\/17641","targetHints":{"allow":["GET"]}}],"collection":[{"href":"https:\/\/naturfreunde-bad-emstal.de\/index.php?rest_route=\/wp\/v2\/posts"}],"about":[{"href":"https:\/\/naturfreunde-bad-emstal.de\/index.php?rest_route=\/wp\/v2\/types\/post"}],"author":[{"embeddable":true,"href":"https:\/\/naturfreunde-bad-emstal.de\/index.php?rest_route=\/wp\/v2\/users\/7"}],"replies":[{"embeddable":true,"href":"https:\/\/naturfreunde-bad-emstal.de\/index.php?rest_route=%2Fwp%2Fv2%2Fcomments&post=17641"}],"version-history":[{"count":5,"href":"https:\/\/naturfreunde-bad-emstal.de\/index.php?rest_route=\/wp\/v2\/posts\/17641\/revisions"}],"predecessor-version":[{"id":17647,"href":"https:\/\/naturfreunde-bad-emstal.de\/index.php?rest_route=\/wp\/v2\/posts\/17641\/revisions\/17647"}],"wp:featuredmedia":[{"embeddable":true,"href":"https:\/\/naturfreunde-bad-emstal.de\/index.php?rest_route=\/wp\/v2\/media\/6695"}],"wp:attachment":[{"href":"https:\/\/naturfreunde-bad-emstal.de\/index.php?rest_route=%2Fwp%2Fv2%2Fmedia&parent=17641"}],"wp:term":[{"taxonomy":"category","embeddable":true,"href":"https:\/\/naturfreunde-bad-emstal.de\/index.php?rest_route=%2Fwp%2Fv2%2Fcategories&post=17641"},{"taxonomy":"post_tag","embeddable":true,"href":"https:\/\/naturfreunde-bad-emstal.de\/index.php?rest_route=%2Fwp%2Fv2%2Ftags&post=17641"}],"curies":[{"name":"wp","href":"https:\/\/api.w.org\/{rel}","templated":true}]}}