{"id":17654,"date":"2024-03-07T17:01:20","date_gmt":"2024-03-07T17:01:20","guid":{"rendered":"https:\/\/naturfreunde-bad-emstal.de\/?p=17654"},"modified":"2025-02-13T09:47:12","modified_gmt":"2025-02-13T09:47:12","slug":"treffen-der-kochgruppe-am-21-februar-2024","status":"publish","type":"post","link":"https:\/\/naturfreunde-bad-emstal.de\/?p=17654","title":{"rendered":"Treffen der Kochgruppe am 21. Februar 2024"},"content":{"rendered":"\n<p>Beim zweiten Koch-Treff in diesem Jahr trafen sich in der K\u00fcche des Naturfreundehauses 6 K\u00f6chinnen, 1 Koch und 2 Jungk\u00f6che, um einen Steckr\u00fcbeneintopf mit original spanischen Chorizos zuzubereiten. Alternativ gab es einen zweiten Topf Suppe ohne Wursteinlage. Das Topping war gew\u00fcrfeltes Vollkornbrot, Sonnenblumenkerne und gehackte Petersilie. Zu den Steckr\u00fcben wurde jede Menge anderes Wurzelgem\u00fcse gehackt und in den beiden T\u00f6pfen gekocht.&nbsp; Aus \u00c4pfeln, Bananen, Orangen, Kiwis, Waln\u00fcssen und Rosinen bereiteten die Jungs einen besonders guten Obstsalat, auf den man Obstlik\u00f6r oder Schlagsahne kippen konnte. Die gro\u00dfe Sch\u00fcssel war zum Schluss gut ausgeputzt. Die Suppe hat in beiden Varianten ausgezeichnet geschmeckt, so da\u00df wir uns f\u00fcr das n\u00e4chste Kochen am 20. M\u00e4rz spontan wieder f\u00fcr eine Suppe, diesmal Hummus a la Ignacio, entschieden haben.&nbsp;<\/p>\n\n\n\n<figure class=\"wp-block-image size-large\"><img loading=\"lazy\" decoding=\"async\" width=\"1024\" height=\"768\" src=\"https:\/\/naturfreunde-bad-emstal.de\/wp-content\/uploads\/2024\/03\/Steckruebensuppe-mit-Topping-1024x768.jpg\" alt=\"\" class=\"wp-image-17655\" srcset=\"https:\/\/naturfreunde-bad-emstal.de\/wp-content\/uploads\/2024\/03\/Steckruebensuppe-mit-Topping-1024x768.jpg 1024w, https:\/\/naturfreunde-bad-emstal.de\/wp-content\/uploads\/2024\/03\/Steckruebensuppe-mit-Topping-300x225.jpg 300w, https:\/\/naturfreunde-bad-emstal.de\/wp-content\/uploads\/2024\/03\/Steckruebensuppe-mit-Topping-768x576.jpg 768w, https:\/\/naturfreunde-bad-emstal.de\/wp-content\/uploads\/2024\/03\/Steckruebensuppe-mit-Topping-1536x1152.jpg 1536w, https:\/\/naturfreunde-bad-emstal.de\/wp-content\/uploads\/2024\/03\/Steckruebensuppe-mit-Topping-400x300.jpg 400w, https:\/\/naturfreunde-bad-emstal.de\/wp-content\/uploads\/2024\/03\/Steckruebensuppe-mit-Topping.jpg 2048w\" sizes=\"auto, (max-width: 1024px) 100vw, 1024px\" \/><figcaption class=\"wp-element-caption\">Steckr\u00fcbensuppe<\/figcaption><\/figure>\n\n\n\n<figure class=\"wp-block-image size-large\"><img loading=\"lazy\" decoding=\"async\" width=\"768\" height=\"1024\" src=\"https:\/\/naturfreunde-bad-emstal.de\/wp-content\/uploads\/2024\/03\/Steckruebensuppe-768x1024.jpg\" alt=\"\" class=\"wp-image-17656\" srcset=\"https:\/\/naturfreunde-bad-emstal.de\/wp-content\/uploads\/2024\/03\/Steckruebensuppe-768x1024.jpg 768w, https:\/\/naturfreunde-bad-emstal.de\/wp-content\/uploads\/2024\/03\/Steckruebensuppe-225x300.jpg 225w, https:\/\/naturfreunde-bad-emstal.de\/wp-content\/uploads\/2024\/03\/Steckruebensuppe-1152x1536.jpg 1152w, https:\/\/naturfreunde-bad-emstal.de\/wp-content\/uploads\/2024\/03\/Steckruebensuppe.jpg 1536w\" sizes=\"auto, (max-width: 768px) 100vw, 768px\" \/><figcaption class=\"wp-element-caption\">Steckr\u00fcbensuppe mit Topping<\/figcaption><\/figure>\n\n\n\n<figure class=\"wp-block-image size-large\"><img loading=\"lazy\" decoding=\"async\" width=\"1024\" height=\"768\" src=\"https:\/\/naturfreunde-bad-emstal.de\/wp-content\/uploads\/2024\/03\/Obstsalat-1024x768.jpg\" alt=\"\" class=\"wp-image-17657\" srcset=\"https:\/\/naturfreunde-bad-emstal.de\/wp-content\/uploads\/2024\/03\/Obstsalat-1024x768.jpg 1024w, https:\/\/naturfreunde-bad-emstal.de\/wp-content\/uploads\/2024\/03\/Obstsalat-300x225.jpg 300w, https:\/\/naturfreunde-bad-emstal.de\/wp-content\/uploads\/2024\/03\/Obstsalat-768x576.jpg 768w, https:\/\/naturfreunde-bad-emstal.de\/wp-content\/uploads\/2024\/03\/Obstsalat-1536x1152.jpg 1536w, https:\/\/naturfreunde-bad-emstal.de\/wp-content\/uploads\/2024\/03\/Obstsalat-400x300.jpg 400w, https:\/\/naturfreunde-bad-emstal.de\/wp-content\/uploads\/2024\/03\/Obstsalat.jpg 2048w\" sizes=\"auto, (max-width: 1024px) 100vw, 1024px\" \/><figcaption class=\"wp-element-caption\">Obstsalat<\/figcaption><\/figure>\n","protected":false},"excerpt":{"rendered":"<p>Beim zweiten Koch-Treff in diesem Jahr trafen sich in der K\u00fcche des Naturfreundehauses 6 K\u00f6chinnen, 1 Koch und 2 Jungk\u00f6che, um einen Steckr\u00fcbeneintopf mit original spanischen Chorizos zuzubereiten. Alternativ gab es einen zweiten Topf Suppe ohne Wursteinlage. Das Topping war gew\u00fcrfeltes Vollkornbrot, Sonnenblumenkerne und gehackte Petersilie. Zu den Steckr\u00fcben wurde jede Menge anderes Wurzelgem\u00fcse gehackt&#8230; <\/p>\n<div class=\"clear\"><\/div>\n<p><a href=\"https:\/\/naturfreunde-bad-emstal.de\/?p=17654\" class=\"excerpt-read-more\">Read More<\/a><\/p>\n","protected":false},"author":15,"featured_media":17655,"comment_status":"open","ping_status":"open","sticky":false,"template":"","format":"standard","meta":{"ngg_post_thumbnail":0,"footnotes":""},"categories":[63,79,51],"tags":[],"class_list":["post-17654","post","type-post","status-publish","format-standard","has-post-thumbnail","hentry","category-archiv","category-kochen","category-news"],"_links":{"self":[{"href":"https:\/\/naturfreunde-bad-emstal.de\/index.php?rest_route=\/wp\/v2\/posts\/17654","targetHints":{"allow":["GET"]}}],"collection":[{"href":"https:\/\/naturfreunde-bad-emstal.de\/index.php?rest_route=\/wp\/v2\/posts"}],"about":[{"href":"https:\/\/naturfreunde-bad-emstal.de\/index.php?rest_route=\/wp\/v2\/types\/post"}],"author":[{"embeddable":true,"href":"https:\/\/naturfreunde-bad-emstal.de\/index.php?rest_route=\/wp\/v2\/users\/15"}],"replies":[{"embeddable":true,"href":"https:\/\/naturfreunde-bad-emstal.de\/index.php?rest_route=%2Fwp%2Fv2%2Fcomments&post=17654"}],"version-history":[{"count":5,"href":"https:\/\/naturfreunde-bad-emstal.de\/index.php?rest_route=\/wp\/v2\/posts\/17654\/revisions"}],"predecessor-version":[{"id":18064,"href":"https:\/\/naturfreunde-bad-emstal.de\/index.php?rest_route=\/wp\/v2\/posts\/17654\/revisions\/18064"}],"wp:featuredmedia":[{"embeddable":true,"href":"https:\/\/naturfreunde-bad-emstal.de\/index.php?rest_route=\/wp\/v2\/media\/17655"}],"wp:attachment":[{"href":"https:\/\/naturfreunde-bad-emstal.de\/index.php?rest_route=%2Fwp%2Fv2%2Fmedia&parent=17654"}],"wp:term":[{"taxonomy":"category","embeddable":true,"href":"https:\/\/naturfreunde-bad-emstal.de\/index.php?rest_route=%2Fwp%2Fv2%2Fcategories&post=17654"},{"taxonomy":"post_tag","embeddable":true,"href":"https:\/\/naturfreunde-bad-emstal.de\/index.php?rest_route=%2Fwp%2Fv2%2Ftags&post=17654"}],"curies":[{"name":"wp","href":"https:\/\/api.w.org\/{rel}","templated":true}]}}