{"id":17678,"date":"2024-04-02T16:39:03","date_gmt":"2024-04-02T16:39:03","guid":{"rendered":"https:\/\/naturfreunde-bad-emstal.de\/?p=17678"},"modified":"2025-02-13T09:46:04","modified_gmt":"2025-02-13T09:46:04","slug":"treffen-der-kochgruppe-am-20-maerz-2024","status":"publish","type":"post","link":"https:\/\/naturfreunde-bad-emstal.de\/?p=17678","title":{"rendered":"Treffen der Kochgruppe am 20. M\u00e4rz 2024"},"content":{"rendered":"\n<p>Zum dritten Koch-Treff in diesem Jahr trafen sich in der K\u00fcche des Naturfreundehauses 5 K\u00f6chinnen, 1 Koch und 2 Jungk\u00f6che, um noch einmal einen Eintopf zuzubereiten. Diesmal kochten wir wiederum unter Ignacios Anleitung einen Kichererbsen-Eintopf mit Bauchfleisch und Chorizos, nat\u00fcrlich gab es auch wieder die vegetarische Variante. Dazu wurde von unseren Jungk\u00f6chen mit Gunis Hilfe ein k\u00f6stlich knuspriges Pita-Brot gebacken, das trotz l\u00e4ngerer Vorbereitungszeit p\u00fcnktlich zum Men\u00fcbeginn duftend aus dem Backofen kam. Als Nachtisch gab es ein T\u00fcrkisches Joghurtdessert mit Feigen, Aprikosen, Datteln und ger\u00f6steten Mandeln. Sehr lecker, nur die getrockneten Fr\u00fcchte waren f\u00fcr die Jungs geschmacklich etwas gew\u00f6hnungsbed\u00fcrftig. Alles in allem war es wieder ein gelungenes Men\u00fc.<\/p>\n\n\n\n<figure class=\"wp-block-image size-large\"><img loading=\"lazy\" decoding=\"async\" width=\"1024\" height=\"768\" src=\"https:\/\/naturfreunde-bad-emstal.de\/wp-content\/uploads\/2024\/04\/signal-2024-04-02-180238_002-1024x768.jpeg\" alt=\"\" class=\"wp-image-17679\" srcset=\"https:\/\/naturfreunde-bad-emstal.de\/wp-content\/uploads\/2024\/04\/signal-2024-04-02-180238_002-1024x768.jpeg 1024w, https:\/\/naturfreunde-bad-emstal.de\/wp-content\/uploads\/2024\/04\/signal-2024-04-02-180238_002-300x225.jpeg 300w, https:\/\/naturfreunde-bad-emstal.de\/wp-content\/uploads\/2024\/04\/signal-2024-04-02-180238_002-768x576.jpeg 768w, https:\/\/naturfreunde-bad-emstal.de\/wp-content\/uploads\/2024\/04\/signal-2024-04-02-180238_002-1536x1152.jpeg 1536w, https:\/\/naturfreunde-bad-emstal.de\/wp-content\/uploads\/2024\/04\/signal-2024-04-02-180238_002-400x300.jpeg 400w, https:\/\/naturfreunde-bad-emstal.de\/wp-content\/uploads\/2024\/04\/signal-2024-04-02-180238_002.jpeg 2048w\" sizes=\"auto, (max-width: 1024px) 100vw, 1024px\" \/><figcaption class=\"wp-element-caption\">Kichererbseneintopf<\/figcaption><\/figure>\n\n\n\n<figure class=\"wp-block-image size-large\"><img loading=\"lazy\" decoding=\"async\" width=\"1024\" height=\"768\" src=\"https:\/\/naturfreunde-bad-emstal.de\/wp-content\/uploads\/2024\/04\/signal-2024-04-02-180238_003-1024x768.jpeg\" alt=\"\" class=\"wp-image-17680\" srcset=\"https:\/\/naturfreunde-bad-emstal.de\/wp-content\/uploads\/2024\/04\/signal-2024-04-02-180238_003-1024x768.jpeg 1024w, https:\/\/naturfreunde-bad-emstal.de\/wp-content\/uploads\/2024\/04\/signal-2024-04-02-180238_003-300x225.jpeg 300w, https:\/\/naturfreunde-bad-emstal.de\/wp-content\/uploads\/2024\/04\/signal-2024-04-02-180238_003-768x576.jpeg 768w, https:\/\/naturfreunde-bad-emstal.de\/wp-content\/uploads\/2024\/04\/signal-2024-04-02-180238_003-1536x1152.jpeg 1536w, https:\/\/naturfreunde-bad-emstal.de\/wp-content\/uploads\/2024\/04\/signal-2024-04-02-180238_003-400x300.jpeg 400w, https:\/\/naturfreunde-bad-emstal.de\/wp-content\/uploads\/2024\/04\/signal-2024-04-02-180238_003.jpeg 2048w\" sizes=\"auto, (max-width: 1024px) 100vw, 1024px\" \/><figcaption class=\"wp-element-caption\">Pita-Brot nach levantinischem Rezept<\/figcaption><\/figure>\n\n\n\n<figure class=\"wp-block-image size-large\"><img loading=\"lazy\" decoding=\"async\" width=\"1024\" height=\"768\" src=\"https:\/\/naturfreunde-bad-emstal.de\/wp-content\/uploads\/2024\/04\/signal-2024-04-02-180238_004-1024x768.jpeg\" alt=\"\" class=\"wp-image-17681\" srcset=\"https:\/\/naturfreunde-bad-emstal.de\/wp-content\/uploads\/2024\/04\/signal-2024-04-02-180238_004-1024x768.jpeg 1024w, https:\/\/naturfreunde-bad-emstal.de\/wp-content\/uploads\/2024\/04\/signal-2024-04-02-180238_004-300x225.jpeg 300w, https:\/\/naturfreunde-bad-emstal.de\/wp-content\/uploads\/2024\/04\/signal-2024-04-02-180238_004-768x576.jpeg 768w, https:\/\/naturfreunde-bad-emstal.de\/wp-content\/uploads\/2024\/04\/signal-2024-04-02-180238_004-1536x1152.jpeg 1536w, https:\/\/naturfreunde-bad-emstal.de\/wp-content\/uploads\/2024\/04\/signal-2024-04-02-180238_004-400x300.jpeg 400w, https:\/\/naturfreunde-bad-emstal.de\/wp-content\/uploads\/2024\/04\/signal-2024-04-02-180238_004.jpeg 2048w\" sizes=\"auto, (max-width: 1024px) 100vw, 1024px\" \/><figcaption class=\"wp-element-caption\">T\u00fcrkisches Joghurtdessert<\/figcaption><\/figure>\n","protected":false},"excerpt":{"rendered":"<p>Zum dritten Koch-Treff in diesem Jahr trafen sich in der K\u00fcche des Naturfreundehauses 5 K\u00f6chinnen, 1 Koch und 2 Jungk\u00f6che, um noch einmal einen Eintopf zuzubereiten. Diesmal kochten wir wiederum unter Ignacios Anleitung einen Kichererbsen-Eintopf mit Bauchfleisch und Chorizos, nat\u00fcrlich gab es auch wieder die vegetarische Variante. Dazu wurde von unseren Jungk\u00f6chen mit Gunis Hilfe&#8230; <\/p>\n<div class=\"clear\"><\/div>\n<p><a href=\"https:\/\/naturfreunde-bad-emstal.de\/?p=17678\" class=\"excerpt-read-more\">Read More<\/a><\/p>\n","protected":false},"author":15,"featured_media":17681,"comment_status":"open","ping_status":"open","sticky":false,"template":"","format":"standard","meta":{"ngg_post_thumbnail":0,"footnotes":""},"categories":[63,79,51],"tags":[],"class_list":["post-17678","post","type-post","status-publish","format-standard","has-post-thumbnail","hentry","category-archiv","category-kochen","category-news"],"_links":{"self":[{"href":"https:\/\/naturfreunde-bad-emstal.de\/index.php?rest_route=\/wp\/v2\/posts\/17678","targetHints":{"allow":["GET"]}}],"collection":[{"href":"https:\/\/naturfreunde-bad-emstal.de\/index.php?rest_route=\/wp\/v2\/posts"}],"about":[{"href":"https:\/\/naturfreunde-bad-emstal.de\/index.php?rest_route=\/wp\/v2\/types\/post"}],"author":[{"embeddable":true,"href":"https:\/\/naturfreunde-bad-emstal.de\/index.php?rest_route=\/wp\/v2\/users\/15"}],"replies":[{"embeddable":true,"href":"https:\/\/naturfreunde-bad-emstal.de\/index.php?rest_route=%2Fwp%2Fv2%2Fcomments&post=17678"}],"version-history":[{"count":5,"href":"https:\/\/naturfreunde-bad-emstal.de\/index.php?rest_route=\/wp\/v2\/posts\/17678\/revisions"}],"predecessor-version":[{"id":18063,"href":"https:\/\/naturfreunde-bad-emstal.de\/index.php?rest_route=\/wp\/v2\/posts\/17678\/revisions\/18063"}],"wp:featuredmedia":[{"embeddable":true,"href":"https:\/\/naturfreunde-bad-emstal.de\/index.php?rest_route=\/wp\/v2\/media\/17681"}],"wp:attachment":[{"href":"https:\/\/naturfreunde-bad-emstal.de\/index.php?rest_route=%2Fwp%2Fv2%2Fmedia&parent=17678"}],"wp:term":[{"taxonomy":"category","embeddable":true,"href":"https:\/\/naturfreunde-bad-emstal.de\/index.php?rest_route=%2Fwp%2Fv2%2Fcategories&post=17678"},{"taxonomy":"post_tag","embeddable":true,"href":"https:\/\/naturfreunde-bad-emstal.de\/index.php?rest_route=%2Fwp%2Fv2%2Ftags&post=17678"}],"curies":[{"name":"wp","href":"https:\/\/api.w.org\/{rel}","templated":true}]}}