{"id":17690,"date":"2024-04-15T15:34:10","date_gmt":"2024-04-15T15:34:10","guid":{"rendered":"https:\/\/naturfreunde-bad-emstal.de\/?p=17690"},"modified":"2024-04-15T15:34:12","modified_gmt":"2024-04-15T15:34:12","slug":"naturatrail-erlebnis-21-april-2024","status":"publish","type":"post","link":"https:\/\/naturfreunde-bad-emstal.de\/?p=17690","title":{"rendered":"NaturaTrail Erlebnis 21. April 2024"},"content":{"rendered":"\n<p>Die NaturFreunde Bad Emstal bieten zum Fr\u00fchling wieder eine gef\u00fchrte Wanderung auf dem Natura Trail \u201eWaldmeisterweg &#8211; Aus dem Tal der Ems zu den Hunden vom Falkenstein\u201c an. Der NaturaTrail wurde 2017 von der Ortsgruppe der NaturFreunde zusammen mit Sch\u00fclerInnen der Christine-Br\u00fcckner-Schule in Bad Emstal eingerichtet. NaturaTrails sollen der Bev\u00f6lkerung die europ\u00e4ischen FFH (Flora- Fauna-Habitat) Schutzgebiete sichtbar machen.<\/p>\n\n\n\n<p>Die F\u00fchrung wird diese Aspekte und ihre Bedeutung f\u00fcr die Artenvielfalt unter besonderer Ber\u00fccksichtigung der Fr\u00fchbl\u00fcher vorstellen.<\/p>\n\n\n\n<p>Dabei werden in 3-4 Std ca. 12 km zur\u00fcckgelegt und etwa 180 H\u00f6henmeter \u00fcberwunden.<\/p>\n\n\n\n<p>Treffpunkt ist am <strong>21.4. um 14.00 Uhr<\/strong> am Naturfreundehaus, Niedensteiner Weg 26, 34308 Bad Emstal<\/p>\n\n\n\n<p>Dem Wetter angepasste Kleidung, robustes Schuhwerk und ausreichend Getr\u00e4nke sind Voraussetzung.<\/p>\n\n\n\n<p>Weitere Informationen: https:\/\/www.naturfreunde-hessen.de\/natura-trails<\/p>\n\n\n\n<p>R\u00fcckfragen \/ Anmeldungen an: <a href=\"mailto:naturatrail@naturfreunde-bad-emstal.de\">naturatrail@naturfreunde-bad-emstal.de<\/a> oder 0177-873 4583.<\/p>\n\n\n\n<figure class=\"wp-block-image size-large\"><img loading=\"lazy\" decoding=\"async\" width=\"768\" height=\"1024\" src=\"https:\/\/naturfreunde-bad-emstal.de\/wp-content\/uploads\/2024\/04\/Fruehblueher_Falkensteinruine-002-768x1024.jpg\" alt=\"\" class=\"wp-image-17691\" srcset=\"https:\/\/naturfreunde-bad-emstal.de\/wp-content\/uploads\/2024\/04\/Fruehblueher_Falkensteinruine-002-768x1024.jpg 768w, https:\/\/naturfreunde-bad-emstal.de\/wp-content\/uploads\/2024\/04\/Fruehblueher_Falkensteinruine-002-225x300.jpg 225w, https:\/\/naturfreunde-bad-emstal.de\/wp-content\/uploads\/2024\/04\/Fruehblueher_Falkensteinruine-002-rotated.jpg 800w\" sizes=\"auto, (max-width: 768px) 100vw, 768px\" \/><\/figure>\n","protected":false},"excerpt":{"rendered":"<p>Die NaturFreunde Bad Emstal bieten zum Fr\u00fchling wieder eine gef\u00fchrte Wanderung auf dem Natura Trail \u201eWaldmeisterweg &#8211; Aus dem Tal der Ems zu den Hunden vom Falkenstein\u201c an. Der NaturaTrail wurde 2017 von der Ortsgruppe der NaturFreunde zusammen mit Sch\u00fclerInnen der Christine-Br\u00fcckner-Schule in Bad Emstal eingerichtet. NaturaTrails sollen der Bev\u00f6lkerung die europ\u00e4ischen FFH (Flora- Fauna-Habitat)&#8230; <\/p>\n<div class=\"clear\"><\/div>\n<p><a href=\"https:\/\/naturfreunde-bad-emstal.de\/?p=17690\" class=\"excerpt-read-more\">Read More<\/a><\/p>\n","protected":false},"author":7,"featured_media":17691,"comment_status":"open","ping_status":"open","sticky":false,"template":"","format":"standard","meta":{"ngg_post_thumbnail":0,"footnotes":""},"categories":[63,51,74],"tags":[],"class_list":["post-17690","post","type-post","status-publish","format-standard","has-post-thumbnail","hentry","category-archiv","category-news","category-wandern"],"_links":{"self":[{"href":"https:\/\/naturfreunde-bad-emstal.de\/index.php?rest_route=\/wp\/v2\/posts\/17690","targetHints":{"allow":["GET"]}}],"collection":[{"href":"https:\/\/naturfreunde-bad-emstal.de\/index.php?rest_route=\/wp\/v2\/posts"}],"about":[{"href":"https:\/\/naturfreunde-bad-emstal.de\/index.php?rest_route=\/wp\/v2\/types\/post"}],"author":[{"embeddable":true,"href":"https:\/\/naturfreunde-bad-emstal.de\/index.php?rest_route=\/wp\/v2\/users\/7"}],"replies":[{"embeddable":true,"href":"https:\/\/naturfreunde-bad-emstal.de\/index.php?rest_route=%2Fwp%2Fv2%2Fcomments&post=17690"}],"version-history":[{"count":2,"href":"https:\/\/naturfreunde-bad-emstal.de\/index.php?rest_route=\/wp\/v2\/posts\/17690\/revisions"}],"predecessor-version":[{"id":17693,"href":"https:\/\/naturfreunde-bad-emstal.de\/index.php?rest_route=\/wp\/v2\/posts\/17690\/revisions\/17693"}],"wp:featuredmedia":[{"embeddable":true,"href":"https:\/\/naturfreunde-bad-emstal.de\/index.php?rest_route=\/wp\/v2\/media\/17691"}],"wp:attachment":[{"href":"https:\/\/naturfreunde-bad-emstal.de\/index.php?rest_route=%2Fwp%2Fv2%2Fmedia&parent=17690"}],"wp:term":[{"taxonomy":"category","embeddable":true,"href":"https:\/\/naturfreunde-bad-emstal.de\/index.php?rest_route=%2Fwp%2Fv2%2Fcategories&post=17690"},{"taxonomy":"post_tag","embeddable":true,"href":"https:\/\/naturfreunde-bad-emstal.de\/index.php?rest_route=%2Fwp%2Fv2%2Ftags&post=17690"}],"curies":[{"name":"wp","href":"https:\/\/api.w.org\/{rel}","templated":true}]}}