{"id":17695,"date":"2024-04-24T12:49:45","date_gmt":"2024-04-24T12:49:45","guid":{"rendered":"https:\/\/naturfreunde-bad-emstal.de\/?p=17695"},"modified":"2024-04-24T13:07:35","modified_gmt":"2024-04-24T13:07:35","slug":"einladung-zu-unsere-vereinsfahrt-am-16-6-2024","status":"publish","type":"post","link":"https:\/\/naturfreunde-bad-emstal.de\/?p=17695","title":{"rendered":"Einladung zu unsere Vereinsfahrt am 16.6.2024"},"content":{"rendered":"\n<p>Wann: &nbsp;&nbsp;&nbsp; &nbsp;&nbsp;&nbsp;&nbsp;&nbsp;&nbsp;&nbsp;&nbsp; &nbsp;&nbsp;&nbsp;&nbsp;&nbsp;&nbsp; So., 16.6.2024<\/p>\n\n\n\n<p>Treffpunkt: &nbsp;&nbsp;&nbsp; &nbsp;&nbsp;&nbsp;&nbsp;&nbsp;&nbsp;&nbsp;&nbsp; 9:00 Uhr, Edeka Parkplatz in Sand<\/p>\n\n\n\n<p>Wohin:&nbsp;&nbsp;&nbsp; &nbsp;&nbsp;&nbsp;&nbsp;&nbsp;&nbsp;&nbsp;&nbsp; &nbsp;&nbsp;&nbsp;&nbsp;&nbsp;&nbsp;&nbsp;&nbsp;Alternativer B\u00e4renpark Worbis und<\/p>\n\n\n\n<p>&nbsp;&nbsp;&nbsp;&nbsp;&nbsp;&nbsp;&nbsp;&nbsp; &nbsp;&nbsp;&nbsp;&nbsp;&nbsp;&nbsp;&nbsp;&nbsp; &nbsp;&nbsp;&nbsp;&nbsp;&nbsp;&nbsp;&nbsp;&nbsp; &nbsp;&nbsp;&nbsp;&nbsp;&nbsp;Grenzmuseum Schifflersgrund (eingeschr\u00e4nkt barrierefrei)<\/p>\n\n\n\n<p>Zur\u00fcck:                    19:00Uhr<\/p>\n\n\n\n<p>Fr\u00fchst\u00fcck: Wird unterwegs gereicht<\/p>\n\n\n\n<p>Mittagessen: American Diner 38<\/p>\n\n\n\n<p>Kosten: Mitglieder: \u20ac 20,- , Nichtmitglieder \u20ac 30,-. Kinder sind frei.<\/p>\n\n\n\n<p>Anmeldungen: Bis 2.6.2024 bei 0177-873 4583 oder\u00a0 info@naturfreunde-bad-emstal.de<\/p>\n\n\n\n<figure class=\"wp-block-image size-large\"><img loading=\"lazy\" decoding=\"async\" width=\"1024\" height=\"682\" src=\"https:\/\/naturfreunde-bad-emstal.de\/wp-content\/uploads\/2024\/04\/Baer-1024x682.png\" alt=\"\" class=\"wp-image-17696\" srcset=\"https:\/\/naturfreunde-bad-emstal.de\/wp-content\/uploads\/2024\/04\/Baer-1024x682.png 1024w, https:\/\/naturfreunde-bad-emstal.de\/wp-content\/uploads\/2024\/04\/Baer-300x200.png 300w, https:\/\/naturfreunde-bad-emstal.de\/wp-content\/uploads\/2024\/04\/Baer-768x512.png 768w, https:\/\/naturfreunde-bad-emstal.de\/wp-content\/uploads\/2024\/04\/Baer.png 1201w\" sizes=\"auto, (max-width: 1024px) 100vw, 1024px\" \/><figcaption class=\"wp-element-caption\">Alternativer B\u00e4renpark Worbis     <br><a rel=\"noreferrer noopener\" href=\"https:\/\/www.baer.de\/\" target=\"_blank\">https:\/\/www.baer.de\/<\/a><br><br>&nbsp;<\/figcaption><\/figure>\n\n\n\n<figure class=\"wp-block-image size-large\"><img loading=\"lazy\" decoding=\"async\" width=\"1024\" height=\"552\" src=\"https:\/\/naturfreunde-bad-emstal.de\/wp-content\/uploads\/2024\/04\/Grenzmuseum-1024x552.png\" alt=\"\" class=\"wp-image-17697\" srcset=\"https:\/\/naturfreunde-bad-emstal.de\/wp-content\/uploads\/2024\/04\/Grenzmuseum-1024x552.png 1024w, https:\/\/naturfreunde-bad-emstal.de\/wp-content\/uploads\/2024\/04\/Grenzmuseum-300x162.png 300w, https:\/\/naturfreunde-bad-emstal.de\/wp-content\/uploads\/2024\/04\/Grenzmuseum-768x414.png 768w, https:\/\/naturfreunde-bad-emstal.de\/wp-content\/uploads\/2024\/04\/Grenzmuseum.png 1193w\" sizes=\"auto, (max-width: 1024px) 100vw, 1024px\" \/><figcaption class=\"wp-element-caption\">Grenzmuseum Schifflersgrund<br><a href=\"https:\/\/www.grenzmuseum.de\/\" target=\"_blank\" rel=\"noreferrer noopener\">https:\/\/www.grenzmuseum.de\/<\/a><br>&nbsp;<\/figcaption><\/figure>\n\n\n\n<div class=\"wp-block-buttons is-layout-flex wp-block-buttons-is-layout-flex\">\n<div class=\"wp-block-button\"><a class=\"wp-block-button__link wp-element-button\" href=\"https:\/\/naturfreunde-bad-emstal.de\/wp-content\/uploads\/2024\/04\/240616_Flyer_Vereinsfahrt.pdf\" target=\"_blank\" rel=\"noreferrer noopener\">Flyer zum Ausdrucken<\/a><\/div>\n<\/div>\n","protected":false},"excerpt":{"rendered":"<p>Wann: &nbsp;&nbsp;&nbsp; &nbsp;&nbsp;&nbsp;&nbsp;&nbsp;&nbsp;&nbsp;&nbsp; &nbsp;&nbsp;&nbsp;&nbsp;&nbsp;&nbsp; So., 16.6.2024 Treffpunkt: &nbsp;&nbsp;&nbsp; &nbsp;&nbsp;&nbsp;&nbsp;&nbsp;&nbsp;&nbsp;&nbsp; 9:00 Uhr, Edeka Parkplatz in Sand Wohin:&nbsp;&nbsp;&nbsp; &nbsp;&nbsp;&nbsp;&nbsp;&nbsp;&nbsp;&nbsp;&nbsp; &nbsp;&nbsp;&nbsp;&nbsp;&nbsp;&nbsp;&nbsp;&nbsp;Alternativer B\u00e4renpark Worbis und &nbsp;&nbsp;&nbsp;&nbsp;&nbsp;&nbsp;&nbsp;&nbsp; &nbsp;&nbsp;&nbsp;&nbsp;&nbsp;&nbsp;&nbsp;&nbsp; &nbsp;&nbsp;&nbsp;&nbsp;&nbsp;&nbsp;&nbsp;&nbsp; &nbsp;&nbsp;&nbsp;&nbsp;&nbsp;Grenzmuseum Schifflersgrund (eingeschr\u00e4nkt barrierefrei) Zur\u00fcck: 19:00Uhr Fr\u00fchst\u00fcck: Wird unterwegs gereicht Mittagessen: American Diner 38 Kosten: Mitglieder: \u20ac 20,- , Nichtmitglieder \u20ac 30,-. Kinder sind frei. Anmeldungen: Bis 2.6.2024 bei 0177-873 4583&#8230; <\/p>\n<div class=\"clear\"><\/div>\n<p><a href=\"https:\/\/naturfreunde-bad-emstal.de\/?p=17695\" class=\"excerpt-read-more\">Read More<\/a><\/p>\n","protected":false},"author":7,"featured_media":17696,"comment_status":"open","ping_status":"open","sticky":false,"template":"","format":"standard","meta":{"ngg_post_thumbnail":0,"footnotes":""},"categories":[63,51,52],"tags":[],"class_list":["post-17695","post","type-post","status-publish","format-standard","has-post-thumbnail","hentry","category-archiv","category-news","category-termine"],"_links":{"self":[{"href":"https:\/\/naturfreunde-bad-emstal.de\/index.php?rest_route=\/wp\/v2\/posts\/17695","targetHints":{"allow":["GET"]}}],"collection":[{"href":"https:\/\/naturfreunde-bad-emstal.de\/index.php?rest_route=\/wp\/v2\/posts"}],"about":[{"href":"https:\/\/naturfreunde-bad-emstal.de\/index.php?rest_route=\/wp\/v2\/types\/post"}],"author":[{"embeddable":true,"href":"https:\/\/naturfreunde-bad-emstal.de\/index.php?rest_route=\/wp\/v2\/users\/7"}],"replies":[{"embeddable":true,"href":"https:\/\/naturfreunde-bad-emstal.de\/index.php?rest_route=%2Fwp%2Fv2%2Fcomments&post=17695"}],"version-history":[{"count":4,"href":"https:\/\/naturfreunde-bad-emstal.de\/index.php?rest_route=\/wp\/v2\/posts\/17695\/revisions"}],"predecessor-version":[{"id":17703,"href":"https:\/\/naturfreunde-bad-emstal.de\/index.php?rest_route=\/wp\/v2\/posts\/17695\/revisions\/17703"}],"wp:featuredmedia":[{"embeddable":true,"href":"https:\/\/naturfreunde-bad-emstal.de\/index.php?rest_route=\/wp\/v2\/media\/17696"}],"wp:attachment":[{"href":"https:\/\/naturfreunde-bad-emstal.de\/index.php?rest_route=%2Fwp%2Fv2%2Fmedia&parent=17695"}],"wp:term":[{"taxonomy":"category","embeddable":true,"href":"https:\/\/naturfreunde-bad-emstal.de\/index.php?rest_route=%2Fwp%2Fv2%2Fcategories&post=17695"},{"taxonomy":"post_tag","embeddable":true,"href":"https:\/\/naturfreunde-bad-emstal.de\/index.php?rest_route=%2Fwp%2Fv2%2Ftags&post=17695"}],"curies":[{"name":"wp","href":"https:\/\/api.w.org\/{rel}","templated":true}]}}