{"id":17709,"date":"2024-05-16T07:43:21","date_gmt":"2024-05-16T07:43:21","guid":{"rendered":"https:\/\/naturfreunde-bad-emstal.de\/?p=17709"},"modified":"2024-05-16T07:44:36","modified_gmt":"2024-05-16T07:44:36","slug":"die-kinder-der-naturfreunde-laden-ein-zum-kinderfest-am-1-6-2024","status":"publish","type":"post","link":"https:\/\/naturfreunde-bad-emstal.de\/?p=17709","title":{"rendered":"Die Kinder der NaturFreunde laden ein zum Kinderfest am 1.6.2024"},"content":{"rendered":"\n<p>Am 1. Juni ist auch der internationale Kindertag. Das Fest findet von 15:00 bis 18:00 Uhr auf dem Gel\u00e4nde oberhalb des Naturfreundehauses statt. Bringt eure Eltern, Gro\u00dfeltern und Freunde mit! F\u00fcr das leibliche Wohl wird gesorgt! Essen und Trinken ist f\u00fcr die Kinder frei, von den erwachsenen wird eine Spende erbeten.<\/p>\n\n\n<a href=\"https:\/\/naturfreunde-bad-emstal.de\/wp-content\/uploads\/2024\/05\/240601_Kinderfest_Flyer.pdf\" class=\"pdfemb-viewer\" style=\"\" data-width=\"max\" data-height=\"max\" data-toolbar=\"bottom\" data-toolbar-fixed=\"off\">240601_Kinderfest_Flyer<\/a>\n<p class=\"wp-block-pdfemb-pdf-embedder-viewer\"><\/p>\n","protected":false},"excerpt":{"rendered":"<p>Am 1. Juni ist auch der internationale Kindertag. Das Fest findet von 15:00 bis 18:00 Uhr auf dem Gel\u00e4nde oberhalb des Naturfreundehauses statt. Bringt eure Eltern, Gro\u00dfeltern und Freunde mit! F\u00fcr das leibliche Wohl wird gesorgt! Essen und Trinken ist f\u00fcr die Kinder frei, von den erwachsenen wird eine Spende erbeten.<\/p>\n","protected":false},"author":7,"featured_media":6695,"comment_status":"open","ping_status":"open","sticky":false,"template":"","format":"standard","meta":{"ngg_post_thumbnail":0,"footnotes":""},"categories":[63,78,51],"tags":[],"class_list":["post-17709","post","type-post","status-publish","format-standard","has-post-thumbnail","hentry","category-archiv","category-kindergruppen","category-news"],"_links":{"self":[{"href":"https:\/\/naturfreunde-bad-emstal.de\/index.php?rest_route=\/wp\/v2\/posts\/17709","targetHints":{"allow":["GET"]}}],"collection":[{"href":"https:\/\/naturfreunde-bad-emstal.de\/index.php?rest_route=\/wp\/v2\/posts"}],"about":[{"href":"https:\/\/naturfreunde-bad-emstal.de\/index.php?rest_route=\/wp\/v2\/types\/post"}],"author":[{"embeddable":true,"href":"https:\/\/naturfreunde-bad-emstal.de\/index.php?rest_route=\/wp\/v2\/users\/7"}],"replies":[{"embeddable":true,"href":"https:\/\/naturfreunde-bad-emstal.de\/index.php?rest_route=%2Fwp%2Fv2%2Fcomments&post=17709"}],"version-history":[{"count":3,"href":"https:\/\/naturfreunde-bad-emstal.de\/index.php?rest_route=\/wp\/v2\/posts\/17709\/revisions"}],"predecessor-version":[{"id":17713,"href":"https:\/\/naturfreunde-bad-emstal.de\/index.php?rest_route=\/wp\/v2\/posts\/17709\/revisions\/17713"}],"wp:featuredmedia":[{"embeddable":true,"href":"https:\/\/naturfreunde-bad-emstal.de\/index.php?rest_route=\/wp\/v2\/media\/6695"}],"wp:attachment":[{"href":"https:\/\/naturfreunde-bad-emstal.de\/index.php?rest_route=%2Fwp%2Fv2%2Fmedia&parent=17709"}],"wp:term":[{"taxonomy":"category","embeddable":true,"href":"https:\/\/naturfreunde-bad-emstal.de\/index.php?rest_route=%2Fwp%2Fv2%2Fcategories&post=17709"},{"taxonomy":"post_tag","embeddable":true,"href":"https:\/\/naturfreunde-bad-emstal.de\/index.php?rest_route=%2Fwp%2Fv2%2Ftags&post=17709"}],"curies":[{"name":"wp","href":"https:\/\/api.w.org\/{rel}","templated":true}]}}