{"id":17756,"date":"2024-06-07T14:11:35","date_gmt":"2024-06-07T14:11:35","guid":{"rendered":"https:\/\/naturfreunde-bad-emstal.de\/?p=17756"},"modified":"2024-06-07T14:11:36","modified_gmt":"2024-06-07T14:11:36","slug":"kinderfest-zum-internationalen-kindertag-bei-den-naturfreunden-bad-emstal","status":"publish","type":"post","link":"https:\/\/naturfreunde-bad-emstal.de\/?p=17756","title":{"rendered":"<strong>Kinderfest zum internationalen Kindertag bei den Naturfreunden Bad Emstal<\/strong>"},"content":{"rendered":"\n<p>Zum internationalen Kindertag am 1. Juni 2024 fand bei den Naturfreunden in Bad Emstal ein gelungenes Kinderfest statt, zu dem Kinder, Eltern, Gro\u00dfeltern und G\u00e4ste eingeladen waren. Nach nur kurzer Vorbereitungszeit stellten die beiden Teamer der Kindergruppen Sandy und Mike mit den Kindern ein umfangreiches und vielf\u00e4ltiges Programm auf die Beine. Neben verschiedenen Aktionsst\u00e4nden, Kinderdisco und&nbsp; Fu\u00dfball haben die Kinder selbstgebastelte Baumscheiben, Fl\u00f6\u00dfe und bemalte Dankbarkeits- Kraft- Mut- und Entspannungssteine angeboten. Auch die Erwachsenen wurden \u201ebesch\u00e4ftigt\u201c: mit Fotovorlagen galt es auf dem Gel\u00e4nde Besonderheiten zu entdecken. Spiel und Spa\u00df machen nat\u00fcrlich hungrig, leckere Kuchen und Waffeln, zum Teil von Eltern gespendet, und die Popcornmaschine vers\u00fc\u00dften den Nachmittag. Der absolute H\u00f6hepunkt aber war das Pizzabacken im&nbsp; Backhaus, bei dem die Kinder begeistert mit machten. Da konnte die Bratwurst und vegane M\u00f6hrensuppe kaum mithalten. Leider fiel der Abschluss am Lagerfeuer regelrecht ins Wasser, da nun doch noch ein Gewitter aufzog. Trotzdem war es ein gelungener und aufregender Nachmittag f\u00fcr alle Beteiligten. Ein herzliches Dankesch\u00f6n gilt den Eltern, die den Nachmittag tatkr\u00e4ftig unterst\u00fctzen.<\/p>\n\n\n\nngg_shortcode_0_placeholder\n\n\n\n<p>Im Nachgang gibt es noch ein Event auf das sich die Kinder schon sehr freuen: gemeinsam Eis essen gehen.<\/p>\n","protected":false},"excerpt":{"rendered":"<p>Zum internationalen Kindertag am 1. Juni 2024 fand bei den Naturfreunden in Bad Emstal ein gelungenes Kinderfest statt, zu dem Kinder, Eltern, Gro\u00dfeltern und G\u00e4ste eingeladen waren. Nach nur kurzer Vorbereitungszeit stellten die beiden Teamer der Kindergruppen Sandy und Mike mit den Kindern ein umfangreiches und vielf\u00e4ltiges Programm auf die Beine. Neben verschiedenen Aktionsst\u00e4nden, Kinderdisco&#8230; <\/p>\n<div class=\"clear\"><\/div>\n<p><a href=\"https:\/\/naturfreunde-bad-emstal.de\/?p=17756\" class=\"excerpt-read-more\">Read More<\/a><\/p>\n","protected":false},"author":8,"featured_media":17734,"comment_status":"open","ping_status":"open","sticky":false,"template":"","format":"standard","meta":{"ngg_post_thumbnail":0,"footnotes":""},"categories":[63,78,51],"tags":[],"class_list":["post-17756","post","type-post","status-publish","format-standard","has-post-thumbnail","hentry","category-archiv","category-kindergruppen","category-news"],"_links":{"self":[{"href":"https:\/\/naturfreunde-bad-emstal.de\/index.php?rest_route=\/wp\/v2\/posts\/17756","targetHints":{"allow":["GET"]}}],"collection":[{"href":"https:\/\/naturfreunde-bad-emstal.de\/index.php?rest_route=\/wp\/v2\/posts"}],"about":[{"href":"https:\/\/naturfreunde-bad-emstal.de\/index.php?rest_route=\/wp\/v2\/types\/post"}],"author":[{"embeddable":true,"href":"https:\/\/naturfreunde-bad-emstal.de\/index.php?rest_route=\/wp\/v2\/users\/8"}],"replies":[{"embeddable":true,"href":"https:\/\/naturfreunde-bad-emstal.de\/index.php?rest_route=%2Fwp%2Fv2%2Fcomments&post=17756"}],"version-history":[{"count":2,"href":"https:\/\/naturfreunde-bad-emstal.de\/index.php?rest_route=\/wp\/v2\/posts\/17756\/revisions"}],"predecessor-version":[{"id":17758,"href":"https:\/\/naturfreunde-bad-emstal.de\/index.php?rest_route=\/wp\/v2\/posts\/17756\/revisions\/17758"}],"wp:featuredmedia":[{"embeddable":true,"href":"https:\/\/naturfreunde-bad-emstal.de\/index.php?rest_route=\/wp\/v2\/media\/17734"}],"wp:attachment":[{"href":"https:\/\/naturfreunde-bad-emstal.de\/index.php?rest_route=%2Fwp%2Fv2%2Fmedia&parent=17756"}],"wp:term":[{"taxonomy":"category","embeddable":true,"href":"https:\/\/naturfreunde-bad-emstal.de\/index.php?rest_route=%2Fwp%2Fv2%2Fcategories&post=17756"},{"taxonomy":"post_tag","embeddable":true,"href":"https:\/\/naturfreunde-bad-emstal.de\/index.php?rest_route=%2Fwp%2Fv2%2Ftags&post=17756"}],"curies":[{"name":"wp","href":"https:\/\/api.w.org\/{rel}","templated":true}]}}