{"id":17794,"date":"2024-07-29T16:08:58","date_gmt":"2024-07-29T16:08:58","guid":{"rendered":"https:\/\/naturfreunde-bad-emstal.de\/?p=17794"},"modified":"2024-08-01T06:17:21","modified_gmt":"2024-08-01T06:17:21","slug":"ferienspiele-der-naturfreunde-bad-emstal-in-kooperation-mit-der-gemeinde","status":"publish","type":"post","link":"https:\/\/naturfreunde-bad-emstal.de\/?p=17794","title":{"rendered":"Ferienspiele der Naturfreunde Bad Emstal in Kooperation mit der Gemeinde"},"content":{"rendered":"\n<p>05.08.2024 \u2013 23.08.2024<\/p>\n\n\n\n<p>Montag bis Freitag f\u00fcr Kinder von 6 \u2013 10 Jahren, inkl. Mittagessen!<\/p>\n\n\n\n<p>Eine Woche Spa\u00df in und am Naturfreundehaus in Bad Emstal &#8211; Sand<\/p>\n\n\n\n<p>Bist Du gerne den ganzen Tag drau\u00dfen?<\/p>\n\n\n\n<p>Wanderst Du gerne?<\/p>\n\n\n\n<p>Besch\u00e4ftigst Du Dich gerne mit allem rund um Tiere, Natur und Wald?<\/p>\n\n\n\n<p>Spielst Du gerne in der Natur oder im Wald?<\/p>\n\n\n\n<p>Dann haben wir hier eine Idee f\u00fcr alle Kinder aus Bad Emstal, die dieses Jahr nicht in den Urlaub fahren k\u00f6nnen!<\/p>\n\n\n\n<p>Bringzeit: 8:00 \u2013 9:00 Uhr<\/p>\n\n\n\n<p>Abholzeit: 15:00 \u2013 16:00 Uhr<\/p>\n\n\n\n<p>Programmzeit: 9:00 \u2013 15:00 Uhr<\/p>\n\n\n\n<p>Mitzubringen sind Rucksack und Trinkflasche, kleiner Pausensnack oder Fr\u00fchst\u00fcck, feuchter Waschlappen (in T\u00fcte\/Dose), waldtaugliche Bekleidung, die auch dreckig werden darf!<\/p>\n\n\n\n<p>Kosten: 10.- Euro pro Tag,<\/p>\n\n\n\n<p>Bitte den Wochenbetrag von 50.-Euro immer am Wochenanfang passend mitbringen!<\/p>\n\n\n\n<p>Bitte beachten! Jedes Kind kann max. f\u00fcr eine Woche angemeldet werden!<\/p>\n\n\n\n<p>Anmeldungen gibt es im Rathaus!<\/p>\n\n\n\n<p>Bitte nur schriftliche, vollst\u00e4ndig ausgef\u00fcllte, Anmeldungen entweder<\/p>\n\n\n\n<p>im Rathaus abgeben, per Post schicken an:<\/p>\n\n\n\n<p>Gemeinde Bad Emstal, Bildung und Generationen,<\/p>\n\n\n\n<p>Kasseler Stra\u00dfe 57, 34308 Bad Emstal<\/p>\n\n\n\n<p>Oder per E Mail schicken an jugendpflege@bad-emstal.de<\/p>\n\n\n\n<p>Es gilt das Eingangsdatum.<\/p>\n\n\n\n<p>R\u00fcckfragen: Rathaus, C. B\u00f6hm, 05624 9997-23<\/p>\n\n\n\n<p>Wir freuen uns auf Euch! Auch Hund Egon ist dabei!<\/p>\n\n\n\n<figure class=\"wp-block-image size-large\"><img loading=\"lazy\" decoding=\"async\" width=\"704\" height=\"1024\" src=\"https:\/\/naturfreunde-bad-emstal.de\/wp-content\/uploads\/2024\/08\/signal-2024-07-30-114408_002-704x1024.png\" alt=\"\" class=\"wp-image-17806\" srcset=\"https:\/\/naturfreunde-bad-emstal.de\/wp-content\/uploads\/2024\/08\/signal-2024-07-30-114408_002-704x1024.png 704w, https:\/\/naturfreunde-bad-emstal.de\/wp-content\/uploads\/2024\/08\/signal-2024-07-30-114408_002-206x300.png 206w, https:\/\/naturfreunde-bad-emstal.de\/wp-content\/uploads\/2024\/08\/signal-2024-07-30-114408_002.png 720w\" sizes=\"auto, (max-width: 704px) 100vw, 704px\" \/><\/figure>\n","protected":false},"excerpt":{"rendered":"<p>05.08.2024 \u2013 23.08.2024 Montag bis Freitag f\u00fcr Kinder von 6 \u2013 10 Jahren, inkl. Mittagessen! Eine Woche Spa\u00df in und am Naturfreundehaus in Bad Emstal &#8211; Sand Bist Du gerne den ganzen Tag drau\u00dfen? Wanderst Du gerne? Besch\u00e4ftigst Du Dich gerne mit allem rund um Tiere, Natur und Wald? Spielst Du gerne in der Natur&#8230; <\/p>\n<div class=\"clear\"><\/div>\n<p><a href=\"https:\/\/naturfreunde-bad-emstal.de\/?p=17794\" class=\"excerpt-read-more\">Read More<\/a><\/p>\n","protected":false},"author":16,"featured_media":6695,"comment_status":"open","ping_status":"open","sticky":false,"template":"","format":"standard","meta":{"ngg_post_thumbnail":0,"footnotes":""},"categories":[63,78,51],"tags":[],"class_list":["post-17794","post","type-post","status-publish","format-standard","has-post-thumbnail","hentry","category-archiv","category-kindergruppen","category-news"],"_links":{"self":[{"href":"https:\/\/naturfreunde-bad-emstal.de\/index.php?rest_route=\/wp\/v2\/posts\/17794","targetHints":{"allow":["GET"]}}],"collection":[{"href":"https:\/\/naturfreunde-bad-emstal.de\/index.php?rest_route=\/wp\/v2\/posts"}],"about":[{"href":"https:\/\/naturfreunde-bad-emstal.de\/index.php?rest_route=\/wp\/v2\/types\/post"}],"author":[{"embeddable":true,"href":"https:\/\/naturfreunde-bad-emstal.de\/index.php?rest_route=\/wp\/v2\/users\/16"}],"replies":[{"embeddable":true,"href":"https:\/\/naturfreunde-bad-emstal.de\/index.php?rest_route=%2Fwp%2Fv2%2Fcomments&post=17794"}],"version-history":[{"count":4,"href":"https:\/\/naturfreunde-bad-emstal.de\/index.php?rest_route=\/wp\/v2\/posts\/17794\/revisions"}],"predecessor-version":[{"id":17807,"href":"https:\/\/naturfreunde-bad-emstal.de\/index.php?rest_route=\/wp\/v2\/posts\/17794\/revisions\/17807"}],"wp:featuredmedia":[{"embeddable":true,"href":"https:\/\/naturfreunde-bad-emstal.de\/index.php?rest_route=\/wp\/v2\/media\/6695"}],"wp:attachment":[{"href":"https:\/\/naturfreunde-bad-emstal.de\/index.php?rest_route=%2Fwp%2Fv2%2Fmedia&parent=17794"}],"wp:term":[{"taxonomy":"category","embeddable":true,"href":"https:\/\/naturfreunde-bad-emstal.de\/index.php?rest_route=%2Fwp%2Fv2%2Fcategories&post=17794"},{"taxonomy":"post_tag","embeddable":true,"href":"https:\/\/naturfreunde-bad-emstal.de\/index.php?rest_route=%2Fwp%2Fv2%2Ftags&post=17794"}],"curies":[{"name":"wp","href":"https:\/\/api.w.org\/{rel}","templated":true}]}}