{"id":17809,"date":"2024-08-14T14:33:45","date_gmt":"2024-08-14T14:33:45","guid":{"rendered":"https:\/\/naturfreunde-bad-emstal.de\/?p=17809"},"modified":"2024-08-14T14:39:52","modified_gmt":"2024-08-14T14:39:52","slug":"wenn-engel-feiern-lacht-der-himmel","status":"publish","type":"post","link":"https:\/\/naturfreunde-bad-emstal.de\/?p=17809","title":{"rendered":"<strong>Wenn Engel feiern, lacht der Himmel<\/strong>"},"content":{"rendered":"\n<p>Unter diesem Motto sollte das Sommerfest 2024 der Seniorinnen und Senioren der NF Bad Emstal stehen. Laut f\u00fcnf verschiedener Wetter-App\u2019s sollte es regnen, sogar gewittern. Unsere Gruppenleitung Ursel Engel sagte voraus: \u201eHeute regnet es nicht\u201c. So war\u2019s dann auch und wir hatten ein wunderbares Fest unter unseren roten Sonnenschirmen.<\/p>\n\n\n\n<p>Wir konnten ca. 35 Freundinnen und Freunde der Naturfreunde, des ASB Wohnen und der Balhorner Evangelischen&nbsp;Kirchengemeinde begr\u00fc\u00dfen. Dank B\u00fcrgerbus und Rudi B\u00f6hm wurden die eintrudelnden G\u00e4ste mit Konzertinamusik (Petra Gerlach) der Backhausgruppe begr\u00fc\u00dft. Es folgte eine kleine Willkommensansprache durch Ursel Engel und Tom Gurtmann (1. Vorsitzender der NF).<\/p>\n\n\n\n<p>Bei Kaffee und Kuchen &#8211; serviert durch Helferinnen der Seniorengruppe der NF &#8211; wurde sofort los geschnuddelt. Danach sangen wir gemeinsam unsere Lieder, begleitet durch Reinhold Kimm (Akkordeon) und Rudi B\u00f6hm (Gitarre). Zum Abschluss gab es leckere W\u00fcrstchen, k\u00fchle Getr\u00e4nke und es wurde sich auch mal ein Bierchen geg\u00f6nnt.<\/p>\n\n\n\n<p>Die teilnehmenden G\u00e4ste betonten was f\u00fcr ein gelungenes, fr\u00f6hliches Sommerfest wir hatten und beteuerten beim n\u00e4chsten Mal wieder dabei sein zu wollen. Das n\u00e4chste Mal werden wir unsere Freunde vom ASB Wohnen und aus Balhorn zum Oktoberfest einladen und dann lassen wir es richtig krachen.<\/p>\n\n\n\n<p><strong>Wir bedanken uns herzlich bei allen die uns beim Auf- und Abbau, Grillen und Auftischen geholfen haben!<\/strong><\/p>\n\n\n\n<figure class=\"wp-block-image size-large\"><img loading=\"lazy\" decoding=\"async\" width=\"1024\" height=\"656\" src=\"https:\/\/naturfreunde-bad-emstal.de\/wp-content\/uploads\/2024\/08\/Sommerfest-Seniorengruppe-2024-002-1024x656.jpg\" alt=\"\" class=\"wp-image-17810\" srcset=\"https:\/\/naturfreunde-bad-emstal.de\/wp-content\/uploads\/2024\/08\/Sommerfest-Seniorengruppe-2024-002-1024x656.jpg 1024w, https:\/\/naturfreunde-bad-emstal.de\/wp-content\/uploads\/2024\/08\/Sommerfest-Seniorengruppe-2024-002-300x192.jpg 300w, https:\/\/naturfreunde-bad-emstal.de\/wp-content\/uploads\/2024\/08\/Sommerfest-Seniorengruppe-2024-002-768x492.jpg 768w, https:\/\/naturfreunde-bad-emstal.de\/wp-content\/uploads\/2024\/08\/Sommerfest-Seniorengruppe-2024-002-1536x985.jpg 1536w, https:\/\/naturfreunde-bad-emstal.de\/wp-content\/uploads\/2024\/08\/Sommerfest-Seniorengruppe-2024-002-2048x1313.jpg 2048w\" sizes=\"auto, (max-width: 1024px) 100vw, 1024px\" \/><\/figure>\n","protected":false},"excerpt":{"rendered":"<p>Unter diesem Motto sollte das Sommerfest 2024 der Seniorinnen und Senioren der NF Bad Emstal stehen. Laut f\u00fcnf verschiedener Wetter-App\u2019s sollte es regnen, sogar gewittern. Unsere Gruppenleitung Ursel Engel sagte voraus: \u201eHeute regnet es nicht\u201c. So war\u2019s dann auch und wir hatten ein wunderbares Fest unter unseren roten Sonnenschirmen. Wir konnten ca. 35 Freundinnen und&#8230; <\/p>\n<div class=\"clear\"><\/div>\n<p><a href=\"https:\/\/naturfreunde-bad-emstal.de\/?p=17809\" class=\"excerpt-read-more\">Read More<\/a><\/p>\n","protected":false},"author":19,"featured_media":17810,"comment_status":"open","ping_status":"open","sticky":false,"template":"","format":"standard","meta":{"ngg_post_thumbnail":0,"footnotes":""},"categories":[63,51,81],"tags":[],"class_list":["post-17809","post","type-post","status-publish","format-standard","has-post-thumbnail","hentry","category-archiv","category-news","category-senioren"],"_links":{"self":[{"href":"https:\/\/naturfreunde-bad-emstal.de\/index.php?rest_route=\/wp\/v2\/posts\/17809","targetHints":{"allow":["GET"]}}],"collection":[{"href":"https:\/\/naturfreunde-bad-emstal.de\/index.php?rest_route=\/wp\/v2\/posts"}],"about":[{"href":"https:\/\/naturfreunde-bad-emstal.de\/index.php?rest_route=\/wp\/v2\/types\/post"}],"author":[{"embeddable":true,"href":"https:\/\/naturfreunde-bad-emstal.de\/index.php?rest_route=\/wp\/v2\/users\/19"}],"replies":[{"embeddable":true,"href":"https:\/\/naturfreunde-bad-emstal.de\/index.php?rest_route=%2Fwp%2Fv2%2Fcomments&post=17809"}],"version-history":[{"count":3,"href":"https:\/\/naturfreunde-bad-emstal.de\/index.php?rest_route=\/wp\/v2\/posts\/17809\/revisions"}],"predecessor-version":[{"id":17813,"href":"https:\/\/naturfreunde-bad-emstal.de\/index.php?rest_route=\/wp\/v2\/posts\/17809\/revisions\/17813"}],"wp:featuredmedia":[{"embeddable":true,"href":"https:\/\/naturfreunde-bad-emstal.de\/index.php?rest_route=\/wp\/v2\/media\/17810"}],"wp:attachment":[{"href":"https:\/\/naturfreunde-bad-emstal.de\/index.php?rest_route=%2Fwp%2Fv2%2Fmedia&parent=17809"}],"wp:term":[{"taxonomy":"category","embeddable":true,"href":"https:\/\/naturfreunde-bad-emstal.de\/index.php?rest_route=%2Fwp%2Fv2%2Fcategories&post=17809"},{"taxonomy":"post_tag","embeddable":true,"href":"https:\/\/naturfreunde-bad-emstal.de\/index.php?rest_route=%2Fwp%2Fv2%2Ftags&post=17809"}],"curies":[{"name":"wp","href":"https:\/\/api.w.org\/{rel}","templated":true}]}}